{"id":10940,"date":"2021-02-18T14:40:21","date_gmt":"2021-02-18T14:40:21","guid":{"rendered":"http:\/\/www.tzymb.org.tr\/?p=10940"},"modified":"2021-02-18T14:40:21","modified_gmt":"2021-02-18T14:40:21","slug":"genel-baskanimiz-fehmi-kiraz-anadolu-ajansa-verdigi-roportaj-18-02-2021","status":"publish","type":"post","link":"http:\/\/www.fehmikiraz.com.tr\/index.php\/2021\/02\/18\/genel-baskanimiz-fehmi-kiraz-anadolu-ajansa-verdigi-roportaj-18-02-2021\/","title":{"rendered":"ANADOLU AJANSINA R\u00d6PORTAJ 18.02.2021"},"content":{"rendered":"\n<p>T\u00fcrk Ziraat Y\u00fcksek M\u00fchendisleri Birli\u011fi (TZYMB) Genel Ba\u015fkan\u0131m\u0131z Say\u0131n\u00a0<a href=\"https:\/\/www.facebook.com\/fehmikiraz?__cft__[0]=AZWky-Up5rUVCFsBrOQRI2ImNI8hoH7HSTB71dIxPRq4dkmuMv4B5TOHu1XKr_eHpUOS_EoHfYkPD9RekNGWK6IP-7kIeA2dIhPgVw3cWw3PRFD-5AsAtoyYFIIBwpIxvqc&amp;__tn__=-]K-R\">Fehmi Kiraz<\/a>\u00a0AA muhabiri Deniz \u00c7i\u00e7ek PALABIYIK\u2019a  18.02.2021 tarihinde r\u00f6portaj vermi\u015ftir.<\/p>\n\n\n<p><a href=\"https:\/\/www.aa.com.tr\/tr\/ekonomi\/cumhurbaskani-erdoganin-acikladigi-gubre-ve-hububat-desteklerindeki-artis-sektor-tarafindan-olumlu-karsilandi\/2149183\">https:\/\/www.aa.com.tr\/tr\/ekonomi\/cumhurbaskani-erdoganin-acikladigi-gubre-ve-hububat-desteklerindeki-artis-sektor-tarafindan-olumlu-karsilandi\/2149183<\/a><\/p>\n\n\n<p> <\/p>\n\n\n<p>20 Dakika \u00f6nce ajans sayfas\u0131na d\u00fc\u015fen Deniz \u00c7\u0130\u00c7EK PALABIYIK haberi te\u015fekk\u00fcrlerimizle; &#8220;\u00c7ift\u00e7ilerimizin organomineral g\u00fcbreye daha fazla y\u00f6nelmesini \u00f6neriyoruz&#8221;<br \/>T\u00fcrk Ziraat Y\u00fcksek M\u00fchendisleri Birli\u011fi Genel Ba\u015fkan\u0131 Fehmi Kiraz da g\u00fcbre deste\u011finin artmas\u0131 gerekti\u011fini her platformda dile getirdiklerini s\u00f6yledi.<\/p>\n\n\n<p>G\u00fcbre fiyatlar\u0131nda b\u00fcy\u00fck oranda art\u0131\u015f ya\u015fand\u0131\u011f\u0131n\u0131 vurgulayan Kiraz, &#8220;Yap\u0131lan destek art\u0131\u015f\u0131, bu fiyat art\u0131\u015f\u0131n\u0131 telafi ediyor. G\u00fcbre destekleri i\u00e7in b\u00fct\u00e7eden ayr\u0131lan tutar, 700-800 milyon lira civar\u0131ndayd\u0131, \u015fimdi yap\u0131lan art\u0131\u015fla destek tutar\u0131 yakla\u015f\u0131k 1 milyar 600 milyon liraya \u00e7\u0131km\u0131\u015f olacak. G\u00fcbre desteklerindeki art\u0131\u015f, \u00e7ift\u00e7inin g\u00fcbre fiyatlar\u0131ndaki y\u00fckseli\u015f nedeniyle olu\u015facak ma\u011fduriyetinin giderilmesi noktas\u0131nda yaraya merhem olacak. Bu desteklerin daha da artmas\u0131 gerekiyor. Destekteki art\u0131\u015f, \u00e7ift\u00e7inin girdi maliyetlerini d\u00fc\u015f\u00fcr\u00fcc\u00fc etki yapacakt\u0131r.&#8221; g\u00f6r\u00fc\u015f\u00fcn\u00fc dile getirdi.<\/p>\n\n\n<p>Kiraz, bitkinin beslenmesinde b\u00fcy\u00fck \u00f6nem ta\u015f\u0131yan organomineral g\u00fcbre desteklerindeki art\u0131\u015f\u0131n \u00f6nemine i\u015faret ederek, \u015funlar\u0131 kaydetti:<\/p>\n\n\n<p>&#8220;Bu, \u00e7ok etkili bir g\u00fcbre. \u00c7ift\u00e7ilerimizin bu g\u00fcbreye daha fazla y\u00f6nelmesini \u00f6neriyoruz. Bakanl\u0131\u011f\u0131m\u0131z\u0131 bu g\u00fcbre deste\u011finden dolay\u0131 da kutluyorum. Genel olarak verilen g\u00fcbre destekleriyle, \u00e7iftinin g\u00fcbre maliyetinin y\u00fczde 10&#8217;u kar\u015f\u0131lan\u0131yordu ancak g\u00fcbre fiyatlar\u0131ndaki art\u0131\u015fla bu oran y\u00fczde 7&#8217;lere d\u00fc\u015fm\u00fc\u015ft\u00fc. \u015eimdi verilen destekle bu oran y\u00fczde 14&#8217;lere \u00e7\u0131km\u0131\u015f olacak. Y\u0131lda 6 milyon ton kimyasal g\u00fcbre kullan\u0131l\u0131yor, bu da &#8217;15 milyar liral\u0131k g\u00fcbre maliyeti&#8217; demek. Yani \u00e7ift\u00e7i i\u00e7in b\u00fcy\u00fck \u00f6nemi bulunan bu g\u00fcbre maliyetinin gelecek senelerde de artarak kar\u015f\u0131lanmas\u0131 b\u00fcy\u00fck \u00f6nem ta\u015f\u0131yor. \u00c7ift\u00e7imizin d\u00fcnya \u00e7it\u00e7isi ile rekabet etme \u015fans\u0131 artacakt\u0131r.&#8221;<\/p>\n","protected":false},"excerpt":{"rendered":"<p>T\u00fcrk Ziraat Y\u00fcksek M\u00fchendisleri Birli\u011fi (TZYMB) Genel Ba\u015fkan\u0131m\u0131z Say\u0131n\u00a0Fehmi Kiraz\u00a0AA muhabiri Deniz \u00c7i\u00e7ek PALABIYIK\u2019a 18.02.2021 tarihinde r\u00f6portaj vermi\u015ftir. https:\/\/www.aa.com.tr\/tr\/ekonomi\/cumhurbaskani-erdoganin-acikladigi-gubre-ve-hububat-desteklerindeki-artis-sektor-tarafindan-olumlu-karsilandi\/2149183 20 Dakika \u00f6nce ajans sayfas\u0131na d\u00fc\u015fen Deniz \u00c7\u0130\u00c7EK PALABIYIK haberi te\u015fekk\u00fcrlerimizle; &#8220;\u00c7ift\u00e7ilerimizin organomineral g\u00fcbreye daha fazla y\u00f6nelmesini \u00f6neriyoruz&#8221;T\u00fcrk Ziraat Y\u00fcksek M\u00fchendisleri Birli\u011fi Genel Ba\u015fkan\u0131 Fehmi Kiraz da g\u00fcbre deste\u011finin artmas\u0131 gerekti\u011fini her platformda dile getirdiklerini s\u00f6yledi. [&hellip;]<\/p>\n","protected":false},"author":1,"featured_media":10941,"comment_status":"closed","ping_status":"open","sticky":false,"template":"","format":"standard","meta":[],"categories":[2],"tags":[],"_links":{"self":[{"href":"http:\/\/www.fehmikiraz.com.tr\/index.php\/wp-json\/wp\/v2\/posts\/10940"}],"collection":[{"href":"http:\/\/www.fehmikiraz.com.tr\/index.php\/wp-json\/wp\/v2\/posts"}],"about":[{"href":"http:\/\/www.fehmikiraz.com.tr\/index.php\/wp-json\/wp\/v2\/types\/post"}],"author":[{"embeddable":true,"href":"http:\/\/www.fehmikiraz.com.tr\/index.php\/wp-json\/wp\/v2\/users\/1"}],"replies":[{"embeddable":true,"href":"http:\/\/www.fehmikiraz.com.tr\/index.php\/wp-json\/wp\/v2\/comments?post=10940"}],"version-history":[{"count":0,"href":"http:\/\/www.fehmikiraz.com.tr\/index.php\/wp-json\/wp\/v2\/posts\/10940\/revisions"}],"wp:featuredmedia":[{"embeddable":true,"href":"http:\/\/www.fehmikiraz.com.tr\/index.php\/wp-json\/"}],"wp:attachment":[{"href":"http:\/\/www.fehmikiraz.com.tr\/index.php\/wp-json\/wp\/v2\/media?parent=10940"}],"wp:term":[{"taxonomy":"category","embeddable":true,"href":"http:\/\/www.fehmikiraz.com.tr\/index.php\/wp-json\/wp\/v2\/categories?post=10940"},{"taxonomy":"post_tag","embeddable":true,"href":"http:\/\/www.fehmikiraz.com.tr\/index.php\/wp-json\/wp\/v2\/tags?post=10940"}],"curies":[{"name":"wp","href":"https:\/\/api.w.org\/{rel}","templated":true}]}}