{"id":10708,"date":"2019-11-22T00:00:00","date_gmt":"2019-11-22T00:00:00","guid":{"rendered":"http:\/\/www.muz.com.tr\/blog\/2019\/11\/22\/genel-baskanimiz-fehmi-kirazin-anadolu-ajansina-verdigi-roportajlar\/"},"modified":"2019-11-22T00:00:00","modified_gmt":"2019-11-22T00:00:00","slug":"genel-baskanimiz-fehmi-kirazin-anadolu-ajansina-verdigi-roportajlar","status":"publish","type":"post","link":"http:\/\/www.fehmikiraz.com.tr\/index.php\/2019\/11\/22\/genel-baskanimiz-fehmi-kirazin-anadolu-ajansina-verdigi-roportajlar\/","title":{"rendered":"GENEL BA\u015eKANIMIZ FEHM\u0130 K\u0130RAZ&#8217;IN ANADOLU AJANSI&#8217;NA VERD\u0130\u011e\u0130 R\u00d6PORTAJLAR"},"content":{"rendered":"<p><a href=\"https:\/\/www.aa.com.tr\/tr\/ekonomi\/gida-uretimine-sozlesme-guvencesi\/1652573        \">https:\/\/www.aa.com.tr\/tr\/ekonomi\/gida-uretimine-sozlesme-guvencesi\/1652573&#xa0; &#xa0; &#xa0; &#xa0; <\/a>&#xa0; &#xa0; &#xa0; &#xa0;<\/p>\n<p>&#xa0;<a href=\"https:\/\/www.dunya.com\/sektorler\/tarim\/gida-uretimine-sozlesme-guvencesi-haberi-457436     \">https:\/\/www.dunya.com\/sektorler\/tarim\/gida-uretimine-sozlesme-guvencesi-haberi-457436&#xa0; &#xa0; &#xa0;<\/a> &#xa0; &#xa0; &#xa0; &#xa0; &#xa0; &#xa0; &#xa0; &#xa0; &#xa0; &#xa0; &#xa0; &#xa0;&#xa0;<\/p>\n<p><a href=\"https:\/\/www.sabah.com.tr\/ekonomi\/2019\/11\/22\/gida-uretimine-sozlesme-guvencesi    \">https:\/\/www.sabah.com.tr\/ekonomi\/2019\/11\/22\/gida-uretimine-sozlesme-guvencesi&#xa0; &#xa0; <\/a>&#xa0; &#xa0; &#xa0; &#xa0; &#xa0; &#xa0; &#xa0; &#xa0; &#xa0; &#xa0; &#xa0; &#xa0; &#xa0; &#xa0; &#xa0;<\/p>\n<p><a href=\" https:\/\/www.haberler.com\/gida-uretimine-sozlesme-guvencesi-12643667-haberi\/      \">&#xa0;https:\/\/www.haberler.com\/gida-uretimine-sozlesme-guvencesi-12643667-haberi\/&#xa0; &#xa0; &#xa0; <\/a>&#xa0; &#xa0; &#xa0; &#xa0; &#xa0; &#xa0; &#xa0; &#xa0; &#xa0; &#xa0;<\/p>\n<p><a href=\"https:\/\/www.sondakika.com\/haber\/haber-gida-uretimine-sozlesme-\">https:\/\/www.sondakika.com\/haber\/haber-gida-uretimine-sozlesme-<\/a><\/p>\n<p><a href=\"https:\/\/www.dunya.com\/sektorler\/tarim\/gida-uretimine-sozlesme-guvencesi-haberi-457436\">https:\/\/www.dunya.com\/sektorler\/tarim\/gida-uretimine-sozlesme-guvencesi-haberi-457436<\/a><\/p>\n","protected":false},"excerpt":{"rendered":"<p>Genel Ba\u015fkan\u0131m\u0131z Fehmi K\u0130RAZ&#8217;\u0131n 3. Tar\u0131m \u015euras\u0131 ile ilgili Anadolu<br \/>\nAjans\u0131na vermi\u015f oldu\u011fu r\u00f6portaj\u0131  a\u015fa\u011f\u0131daki linklerden takip edebilirsiniz.<\/p>\n","protected":false},"author":1,"featured_media":0,"comment_status":"closed","ping_status":"closed","sticky":false,"template":"","format":"standard","meta":[],"categories":[2],"tags":[],"_links":{"self":[{"href":"http:\/\/www.fehmikiraz.com.tr\/index.php\/wp-json\/wp\/v2\/posts\/10708"}],"collection":[{"href":"http:\/\/www.fehmikiraz.com.tr\/index.php\/wp-json\/wp\/v2\/posts"}],"about":[{"href":"http:\/\/www.fehmikiraz.com.tr\/index.php\/wp-json\/wp\/v2\/types\/post"}],"author":[{"embeddable":true,"href":"http:\/\/www.fehmikiraz.com.tr\/index.php\/wp-json\/wp\/v2\/users\/1"}],"replies":[{"embeddable":true,"href":"http:\/\/www.fehmikiraz.com.tr\/index.php\/wp-json\/wp\/v2\/comments?post=10708"}],"version-history":[{"count":0,"href":"http:\/\/www.fehmikiraz.com.tr\/index.php\/wp-json\/wp\/v2\/posts\/10708\/revisions"}],"wp:attachment":[{"href":"http:\/\/www.fehmikiraz.com.tr\/index.php\/wp-json\/wp\/v2\/media?parent=10708"}],"wp:term":[{"taxonomy":"category","embeddable":true,"href":"http:\/\/www.fehmikiraz.com.tr\/index.php\/wp-json\/wp\/v2\/categories?post=10708"},{"taxonomy":"post_tag","embeddable":true,"href":"http:\/\/www.fehmikiraz.com.tr\/index.php\/wp-json\/wp\/v2\/tags?post=10708"}],"curies":[{"name":"wp","href":"https:\/\/api.w.org\/{rel}","templated":true}]}}