{"id":10619,"date":"2018-11-15T00:00:00","date_gmt":"2018-11-15T00:00:00","guid":{"rendered":"http:\/\/www.muz.com.tr\/blog\/2018\/11\/15\/tmmob-yerel-cesitlerin-kayit-altina-alinmasi-uretilmesi-ve-pazarlanmasina-dair-yonetmelik\/"},"modified":"2018-11-15T00:00:00","modified_gmt":"2018-11-15T00:00:00","slug":"tmmob-yerel-cesitlerin-kayit-altina-alinmasi-uretilmesi-ve-pazarlanmasina-dair-yonetmelik","status":"publish","type":"post","link":"http:\/\/www.fehmikiraz.com.tr\/index.php\/2018\/11\/15\/tmmob-yerel-cesitlerin-kayit-altina-alinmasi-uretilmesi-ve-pazarlanmasina-dair-yonetmelik\/","title":{"rendered":"TMMOB \u201cYerel \u00c7e\u015fitlerin Kay\u0131t Alt\u0131na al\u0131nmas\u0131, \u00dcretilmesi ve Pazarlanmas\u0131na Dair Y\u00f6netmelik\u201d"},"content":{"rendered":"<p class=\" \" style=\"text-align: justify;\">Anayasam\u0131z\u0131n 168. Maddesine g\u00f6re<br \/>\ntabii servetler ve kaynaklar devletin h\u00fck\u00fcm ve tasarrufu alt\u0131ndad\u0131r. Y\u00f6netmelikte<br \/>\ntan\u0131mlanan yerel \u00e7e\u015fit kavram\u0131 Anayasam\u0131zda 168. Maddede tan\u0131mland\u0131\u011f\u0131 bi\u00e7imiyle<br \/>\ntabii servet niteli\u011findedir. Tabii servetlerin \u00f6zel m\u00fclkiyete konu edilmesi<br \/>\nm\u00fcmk\u00fcn de\u011fildir. Sadece kanunla nas\u0131l kullan\u0131laca\u011f\u0131 d\u00fczenlenebilir. Bu<br \/>\ny\u00f6netmelik yerel \u00e7e\u015fitleri ticaret yoluyla \u00f6zel m\u00fclkiyete konu etmi\u015ftir. Bu<br \/>\nanlam\u0131yla Anayasan\u0131n 168. Maddesine a\u00e7\u0131k\u00e7a ayk\u0131r\u0131d\u0131r. Yerel \u00e7e\u015fitler \u00fczerinde<br \/>\nister sivil toplum kurulu\u015fu ister meslek kurulu\u015flar\u0131 yoluyla tescil ya da kay\u0131t<br \/>\nalt\u0131na alarak \u00f6zel m\u00fclkiyete konu edilemezler. Yerel \u00e7e\u015fitlerin kay\u0131t ve koruma<br \/>\nalt\u0131na al\u0131nmas\u0131 Anayasal anlamda da bir zorunluluk ve bir \u00f6devdir. Y\u0131llard\u0131r bu<br \/>\nalanda yerel \u00e7e\u015fitlerin koruma alt\u0131na al\u0131nmas\u0131na ili\u015fkin bir kay\u0131t ve koruma<br \/>\nsistemi \u201cbilin\u00e7li olarak hayata ge\u00e7irilmemi\u015ftir.\u201d Bu y\u00f6netmelik yerel \u00e7e\u015fitlerimizin<br \/>\norijinini koruma alt\u0131na alan de\u011fil ticarete konu eden bir kay\u0131t ve tescil<br \/>\nsistemidir. Kamu ad\u0131na yerel \u00e7e\u015fitleri kay\u0131t alt\u0131na alarak koruyan bir<br \/>\nd\u00fczenleme ve uygulamaya ihtiya\u00e7 vard\u0131r. Ancak getirilen bu ticari sistem yerel<br \/>\n\u00e7e\u015fitleri Anayasaya ayk\u0131r\u0131 bir bi\u00e7imde ticarete ve \u00f6zel m\u00fclkiyete konu<br \/>\netmektedir. <\/p>\n<p class=\" \" style=\"text-align: justify;\">Bu y\u00f6netmelikle getirilen kay\u0131t<br \/>\nve tescil sistemiyse, sertifikasyona tabi, \u00fcretici belgesine ba\u011f\u0131ml\u0131, alt<br \/>\nbirliklere \u00fcyeli\u011fe eklemlenmi\u015f ve tohumluk \u00fcretimi s\u0131n\u0131rland\u0131r\u0131lm\u0131\u015f bir sistem<br \/>\nkurmaktad\u0131r. Bu sitem, adil ve e\u015fit olmayan bir tar\u0131msal ticari sistem kurmakta<br \/>\nve tekelle\u015fmi\u015f \u015firketleri korumaktad\u0131r. Bu d\u00fczenleme ile tar\u0131msal \u00fcretimde<br \/>\nk\u00fc\u00e7\u00fck \u00e7ift\u00e7iyi korumayan, tar\u0131msal \u00fcretimde fiyat mekanizmalar\u0131na<br \/>\ndahil olamayan, g\u0131da \u00fcretiminde t\u00fcm \u00fcretimi ve denetimi tekelle\u015ftiren ve g\u0131da<br \/>\nkontrol\u00fcn\u00fc \u015firketlere veren bir \u00fcretim sistemi ortaya \u00e7\u0131kartmaktad\u0131r. Bunun<br \/>\nsonucunda, \u00e7ift\u00e7ilerin binlerce y\u0131ld\u0131r yerel \u00e7e\u015fitlere dayal\u0131 ger\u00e7ekle\u015ftirdi\u011fi<br \/>\n\u00fcretimi ger\u00e7ekle\u015ftiremeyecek, aile i\u015fletmeleri da\u011f\u0131t\u0131lacakt\u0131r. Tohum takas<br \/>\netkinliklerinde de\u011fi\u015f toku\u015f edilen tohumlar\u0131 de\u011fi\u015f toku\u015f eden sivil toplum<br \/>\nkurulu\u015flar\u0131 da, tescil sahipleri taraf\u0131ndan dava tehdidiyle kar\u015f\u0131 kar\u015f\u0131ya<br \/>\nb\u0131rak\u0131lacakt\u0131r. Bu nedenle, &#xa0;servetin<br \/>\ny\u00f6netmelik yoluyla elden \u00e7\u0131kar\u0131lmas\u0131na toplumun sessiz kalmayaca\u011f\u0131n\u0131<br \/>\nd\u00fc\u015f\u00fcn\u00fcyoruz.<\/p>\n<p class=\" \" style=\"text-align: justify;\"><\/p>\n<p class=\" \" style=\"margin-bottom: 0.0001pt; text-align: justify; line-height: normal;\">TMMOB Z\u0130RAAT M\u00dcHEND\u0130SLER\u0130 ODASI<\/p>\n<p class=\" \" style=\"margin-bottom: 0.0001pt; text-align: justify; line-height: normal;\">TMMOB GIDA M\u00dcHEND\u0130SLER\u0130 ODASI<\/p>\n<p class=\" \" style=\"margin-bottom: 0.0001pt; text-align: justify; line-height: normal;\">TMMOB K\u0130MYA M\u00dcHEND\u0130SLER\u0130 ODASI<\/p>\n<p class=\" \" style=\"margin-bottom: 0.0001pt; text-align: justify; line-height: normal;\">TMMOB PEYZAJ M\u0130MARLARI ODASI<\/p>\n<p class=\" \" style=\"margin-bottom: 0.0001pt; text-align: justify; line-height: normal;\">T\u00dcRK Z\u0130RAAT Y\u00dcKSEK M\u00dcHEND\u0130SLER\u0130 B\u0130RL\u0130\u011e\u0130<\/p>\n<p class=\" \" style=\"margin-bottom: 0.0001pt; text-align: justify; line-height: normal;\">TARIM ORKAM SEN <\/p>\n<p class=\" \" style=\"margin-bottom: 0.0001pt; text-align: justify; line-height: normal;\">T\u00dcRK\u0130YE Z\u0130RAAT\u00c7ILAR DERNE\u011e\u0130 <\/p>\n<p class=\" \" style=\"margin-bottom: 0.0001pt; text-align: justify; line-height: normal;\">\u00c7\u0130FT\u00c7\u0130 SEND\u0130KALARI KONFEDERASYONU<\/p>\n<p class=\" \" style=\"margin-bottom: 0.0001pt; text-align: justify; line-height: normal;\">T\u00dcM K\u00d6Y SEN<\/p>\n<p class=\" \" style=\"margin-bottom: 0.0001pt; text-align: justify; line-height: normal;\">TEMA ANKARA TEMS\u0130LC\u0130L\u0130\u011e\u0130<\/p>\n<p class=\" \" style=\"margin-bottom: 0.0001pt; text-align: justify; line-height: normal;\">EKOLOJ\u0130 KOLEKT\u0130F\u0130 DERNE\u011e\u0130<\/p>\n<p class=\" \" style=\"margin-bottom: 0.0001pt; text-align: justify; line-height: normal;\">T\u00dcKODER<\/p>\n<p class=\" \" style=\"margin-bottom: 0.0001pt; text-align: justify; line-height: normal;\">T\u00dcDEF FEDERASYONU<\/p>\n<p class=\" \" style=\"margin-bottom: 0.0001pt; text-align: justify; line-height: normal;\">T\u00dcKET\u0130C\u0130 HAKLARI DERNE\u011e\u0130<\/p>\n<p class=\" \" style=\"margin-bottom: 0.0001pt; text-align: justify; line-height: normal;\">AR\u00c7EP EKOLOJ\u0130 B\u0130RL\u0130\u011e\u0130 <\/p>\n<p class=\" \" style=\"margin-bottom: 0.0001pt; text-align: justify; line-height: normal;\">Prof. Dr. Ruhsar YANMAZ (A. \u00dc. Ziraat Fak\u00fcltesi<br \/>\nTarla Bitkileri B\u00f6l\u00fcm\u00fc)<\/p>\n<\/p>\n<p class=\" \" style=\"margin-bottom: 0.0001pt; text-align: justify; line-height: normal;\">Prof. Dr. Melahat AVCI B\u0130RS\u0130N (A. \u00dc. Ziraat<br \/>\nFak\u00fcltesi Tarla Bitkileri B\u00f6l\u00fcm\u00fc)&#xa0;<\/p>\n<p class=\" \" style=\"margin-bottom: 0.0001pt; text-align: justify; line-height: normal;\"><span style=\"font-family: Arial, Helvetica, sans-serif; font-size: 12px; text-align: start;\"><br \/><\/span><\/p>\n<p class=\" \" style=\"margin-bottom: 0.0001pt; text-align: justify; line-height: normal;\"><span style=\"font-family: Arial, Helvetica, sans-serif; font-size: 12px; text-align: start;\">Haberin&#xa0;<\/span><span style=\"font-family: Arial, Helvetica, sans-serif; font-size: 12px;\">&#xa0;<\/span><span style=\"font-family: Arial, Helvetica, sans-serif; font-size: 12px;\">resimlerine ula\u015fmak i\u00e7in a\u015fa\u011f\u0131daki ba\u011flant\u0131ya t\u0131klay\u0131n\u0131z.<\/span><\/p>\n<p><\/p>\n<p><a href=\"https:\/\/photos.app.goo.gl\/1xPxDhF4Lgzd2gUo6\">https:\/\/photos.app.goo.gl\/1xPxDhF4Lgzd2gUo6<\/a><\/p>\n","protected":false},"excerpt":{"rendered":"<p>TMMOB Ziraat M\u00fchendisleri Odas\u0131 Genel Merkezinde 13 Kas\u0131m 2018 g\u00fcn\u00fc a\u015fa\u011f\u0131daki kurumlar bir araya gelerek \u201cYerel \u00c7e\u015fitlerin Kay\u0131t Alt\u0131na al\u0131nmas\u0131, \u00dcretilmesi ve Pazarlanmas\u0131na Dair Y\u00f6netmelik\u201d g\u00f6r\u00fc\u015f\u00fclm\u00fc\u015ft\u00fcr.Birli\u011fimiz ad\u0131na \u00dcyemiz Bayram \u00d6ZDEM\u0130R ve Y\u0131ld\u0131r\u0131m \u015eamil \u00d6ZDEN kat\u0131l\u0131m sa\u011flam\u0131\u015ft\u0131r.<\/p>\n","protected":false},"author":1,"featured_media":0,"comment_status":"closed","ping_status":"closed","sticky":false,"template":"","format":"standard","meta":[],"categories":[2],"tags":[],"_links":{"self":[{"href":"http:\/\/www.fehmikiraz.com.tr\/index.php\/wp-json\/wp\/v2\/posts\/10619"}],"collection":[{"href":"http:\/\/www.fehmikiraz.com.tr\/index.php\/wp-json\/wp\/v2\/posts"}],"about":[{"href":"http:\/\/www.fehmikiraz.com.tr\/index.php\/wp-json\/wp\/v2\/types\/post"}],"author":[{"embeddable":true,"href":"http:\/\/www.fehmikiraz.com.tr\/index.php\/wp-json\/wp\/v2\/users\/1"}],"replies":[{"embeddable":true,"href":"http:\/\/www.fehmikiraz.com.tr\/index.php\/wp-json\/wp\/v2\/comments?post=10619"}],"version-history":[{"count":0,"href":"http:\/\/www.fehmikiraz.com.tr\/index.php\/wp-json\/wp\/v2\/posts\/10619\/revisions"}],"wp:attachment":[{"href":"http:\/\/www.fehmikiraz.com.tr\/index.php\/wp-json\/wp\/v2\/media?parent=10619"}],"wp:term":[{"taxonomy":"category","embeddable":true,"href":"http:\/\/www.fehmikiraz.com.tr\/index.php\/wp-json\/wp\/v2\/categories?post=10619"},{"taxonomy":"post_tag","embeddable":true,"href":"http:\/\/www.fehmikiraz.com.tr\/index.php\/wp-json\/wp\/v2\/tags?post=10619"}],"curies":[{"name":"wp","href":"https:\/\/api.w.org\/{rel}","templated":true}]}}