{"id":10564,"date":"2018-01-24T00:00:00","date_gmt":"2018-01-24T00:00:00","guid":{"rendered":"http:\/\/www.muz.com.tr\/blog\/2018\/01\/24\/arazi-toplulastirmasi-gida-tarim-ve-hayvancilik-isidir-basin-bildirisi-24-01-2018\/"},"modified":"2018-01-24T00:00:00","modified_gmt":"2018-01-24T00:00:00","slug":"arazi-toplulastirmasi-gida-tarim-ve-hayvancilik-isidir-basin-bildirisi-24-01-2018","status":"publish","type":"post","link":"http:\/\/www.fehmikiraz.com.tr\/index.php\/2018\/01\/24\/arazi-toplulastirmasi-gida-tarim-ve-hayvancilik-isidir-basin-bildirisi-24-01-2018\/","title":{"rendered":"&#8220;ARAZ\u0130 TOPLULA\u015eTIRMASI&#8221; GIDA, TARIM VE HAYVANCILIK \u0130\u015e\u0130D\u0130R BASIN B\u0130LD\u0130R\u0130S\u0130 24.01.2018"},"content":{"rendered":"<p class=\" \" align=\"center\" style=\"text-align: center;\"><strong><span style=\"font-size: 12pt; line-height: 107%;\">T\u00dcRK<br \/>\nZ\u0130RAAT Y\u00dcKSEK M\u00dcHEND\u0130SLER\u0130 B\u0130RL\u0130\u011e\u0130<\/span><\/strong><\/p>\n<p class=\"xmsonormal\" align=\"center\" style=\"margin: 6pt 0cm; text-align: center;\"><strong><span style=\"font-size: 12pt;\">\u201cARAZ\u0130<br \/>\nTOPLULA\u015eTIRMASI\u201d <\/span><\/strong><\/p>\n<p class=\"xmsonormal\" align=\"center\" style=\"margin: 6pt 0cm; text-align: center;\"><strong><span style=\"font-size: 12pt;\">GIDA,<br \/>\nTARIM VE HAYVANCILIK \u0130\u015e\u0130D\u0130R<\/span><\/strong><\/p>\n<p class=\" \" align=\"center\" style=\"text-align: center;\"><strong><span style=\"font-size: 12pt; line-height: 107%;\">BASIN<br \/>\nB\u0130LD\u0130R\u0130S\u0130<\/span><\/strong><\/p>\n<p class=\" \" align=\"center\" style=\"text-align: center;\"><strong><span style=\"font-size: 12pt; line-height: 107%;\">24<br \/>\nOcak 2018<\/span><\/strong><\/p>\n<p class=\"xmsonormal\" style=\"margin: 6pt 0cm; text-align: justify;\"><strong><span style=\"font-size: 14pt;\">&#xa0;&#xa0;&#xa0;&#xa0;&#xa0;&#xa0;&#xa0;&#xa0; <\/span><\/strong><\/p>\n<p class=\" \" style=\"text-align: justify; text-indent: 35.4pt;\"><span style=\"font-size: 12pt; line-height: 107%;\">Arazi Toplula\u015ft\u0131rma ve Tarla \u0130\u00e7i Geli\u015ftirme Hizmetleri i\u015flerinin<br \/>\nOrman ve Su \u0130\u015fleri Bakanl\u0131\u011f\u0131 b\u00fcnyesinde devam etmesine dair karar al\u0131nm\u0131\u015ft\u0131r.<br \/>\nBu karar do\u011frultusunda, Say\u0131n Cumhurba\u015fkan\u0131m\u0131z\u0131n son karar\u0131 ile bu konu \u00fcst<br \/>\nd\u00fczeyde netle\u015ftirilmi\u015ftir.<\/span><\/p>\n<p class=\" \" style=\"text-align: justify; text-indent: 35.4pt;\"><span style=\"font-size: 12pt; line-height: 107%;\">Yeni sistemin nas\u0131l olaca\u011f\u0131na dair \u00e7al\u0131\u015fmalar Ba\u015fbakan Yard\u0131mc\u0131s\u0131<br \/>\nMehmet \u015e\u0130M\u015eEK ba\u015fkanl\u0131\u011f\u0131ndaki toplant\u0131larda \u00e7al\u0131\u015f\u0131lmaktad\u0131r.<\/span><\/p>\n<p class=\" \" style=\"text-align: justify; text-indent: 35.4pt;\"><span style=\"font-size: 12pt; line-height: 107%;\">Arazi toplula\u015ft\u0131rma ve Tarla \u0130\u00e7i Geli\u015ftirme Hizmetleri projelerini<br \/>\ny\u00fcr\u00fcten ve buna ba\u011fl\u0131 birimlerin Orman ve Su \u0130\u015fleri Bakanl\u0131\u011f\u0131na ba\u011flanmas\u0131<br \/>\nd\u00fc\u015f\u00fcn\u00fclmektedir.<\/span><\/p>\n<p class=\" \" style=\"text-align: justify; text-indent: 35.4pt;\"><span style=\"font-size: 12pt; line-height: 107%;\">Bu kapsamda yakla\u015f\u0131k 1200 teknik personelin ge\u00e7mesi<br \/>\nplanlanmaktad\u0131r.<\/span><\/p>\n<p class=\" \" style=\"text-align: justify; text-indent: 35.4pt;\"><span style=\"font-size: 12pt; line-height: 107%;\">DS\u0130, \u015fu anda 5403 say\u0131l\u0131 Kanun kapsam\u0131nda Sulama Alanlar\u0131nda \u00d6zel<br \/>\nArazi toplula\u015ft\u0131rma projelerini y\u00fcr\u00fctmektedir. Asl\u0131nda DS\u0130 sulama alanlar\u0131ndaki<br \/>\ntoplula\u015ft\u0131rma projelerinin tamam\u0131n\u0131 istemektedir.<\/span><\/p>\n<p class=\" \" style=\"text-align: justify; text-indent: 35.4pt;\"><span style=\"font-size: 12pt; line-height: 107%;\">DS\u0130, Tar\u0131m Bakanl\u0131\u011f\u0131ndan toplula\u015ft\u0131rma izni almas\u0131na k\u0131z\u0131yor ve<br \/>\nbuna \u00e7ok bozuluyor. As\u0131l s\u0131k\u0131nt\u0131da buradan kaynaklan\u0131yor. K\u00f6y Hizmetleri<br \/>\nkapat\u0131ld\u0131ktan sonra k\u00fc\u00e7\u00fck sulamalar sahipsiz kald\u0131. Bu yetkiyi Tar\u0131m<br \/>\nBakanl\u0131\u011f\u0131na vermek istemiyor. As\u0131l mesele bu. <\/span><\/p>\n<p class=\" \" style=\"text-align: justify; text-indent: 35.4pt;\"><span style=\"font-size: 12pt; line-height: 107%;\">Sulanmayan alanlarda yap\u0131lan toplula\u015ft\u0131rma ve tarla i\u00e7i geli\u015ftirme<br \/>\nhizmetlerini almak istememektedir. Tar\u0131msal arazilerin d\u00fczeltilmesi \u0131slah,<br \/>\ndrenaj, tesviye, ta\u015f toplama, k\u00f6y yerle\u015fim alan\u0131 kurma gibi tar\u0131msal projeleri<br \/>\nistemedi\u011fini belirtmi\u015flerdir.<\/span><\/p>\n<p class=\" \" style=\"text-align: justify; text-indent: 35.4pt;\"><span style=\"font-size: 12pt; line-height: 107%;\">Suyun ve topra\u011f\u0131n as\u0131l kullan\u0131c\u0131s\u0131 olan \u00e7ift\u00e7i ile ba\u011flant\u0131n\u0131n<br \/>\nkesilmedi\u011fi bir yap\u0131 kurulmal\u0131d\u0131r.&#xa0;<\/span><\/p>\n<p class=\"xmsonormal\" style=\"margin: 6pt 0cm; text-align: justify; text-indent: 35.4pt;\"><span style=\"font-size: 12pt;\">Tar\u0131m bir b\u00fct\u00fcnd\u00fcr, tek elden y\u00fcr\u00fct\u00fclmelidir, tek<br \/>\nelden y\u00fcr\u00fct\u00fclmeyen par\u00e7al\u0131 yap\u0131lar ba\u015far\u0131s\u0131z olmaya mahkumdur. <\/span><\/p>\n<p class=\"xmsonormal\" style=\"margin: 6pt 0cm; text-align: justify;\"><span style=\"font-size: 12pt;\">&#xa0;&#xa0;&#xa0;&#xa0;&#xa0;&#xa0;&#xa0;&#xa0;&#xa0;&#xa0;&#xa0; Dimyat\u2019a pirince giderken evdeki<br \/>\nbulgurdan olmak bu olsa gerek. Devlet Su \u0130\u015flerinin yetkisinde bulunan ova<br \/>\nsulama ve tarla i\u00e7i sulama i\u015flerinin G\u0131da Tar\u0131m ve Hayvanc\u0131l\u0131k Bakanl\u0131\u011f\u0131n\u0131n<br \/>\nyetkisine verilmesini beklerken, sulaman\u0131n tamam\u0131n\u0131 DS\u0130\u2019ye verilirken yan\u0131nda<br \/>\narazi toplula\u015ft\u0131rmas\u0131, arazi edindirme, tar\u0131m arazilerinin de\u011ferlendirilmesi de<br \/>\ndahil b\u00fct\u00fcn altyap\u0131 i\u015flerinin tamam\u0131n\u0131n Tar\u0131m Bakanl\u0131\u011f\u0131ndan al\u0131n\u0131p Devlet Su<br \/>\n\u0130\u015flerine verilmesi ger\u00e7ekten \u00fclke tar\u0131m\u0131n\u0131 daha da k\u00f6t\u00fc noktalara g\u00f6t\u00fcrecek bir<br \/>\npolitikad\u0131r ve derhal bundan vazge\u00e7ilmelidir.<\/span><\/p>\n<p class=\"xmsonormal\" style=\"margin: 6pt 0cm; text-align: justify;\"><span style=\"font-size: 12pt;\">&#xa0;&#xa0;&#xa0;&#xa0;&#xa0;&#xa0;<br \/>\nToplula\u015ft\u0131rma projeleri ile ekonomik \u00fcretime imk\u00e2n vermeyecek \u015fekilde<br \/>\npar\u00e7alanm\u0131\u015f tar\u0131m topraklar\u0131n\u0131n toplula\u015ft\u0131r\u0131lmas\u0131,&#xa0; ihtiya\u00e7 bulunmas\u0131<br \/>\nhalinde yeni yerle\u015fim yerlerinin kurulmas\u0131 ya da eklemeler yap\u0131lmas\u0131,<br \/>\narazilerin ama\u00e7lar\u0131 do\u011frultusunda kullan\u0131lmas\u0131n\u0131n temini ve ama\u00e7 d\u0131\u015f\u0131<br \/>\nkullan\u0131mlar\u0131n \u00f6nlenmesi, arazilerin bug\u00fcn ve gelecekte kullan\u0131mlar\u0131n\u0131n belirlenmesi<br \/>\nve hayata ge\u00e7irilmesi planlanmaktad\u0131r.<\/span><\/p>\n<p class=\"xmsonormal\" style=\"text-align: justify; text-indent: 35.4pt;\"><span style=\"font-size: 12pt;\">Toplula\u015ft\u0131rma;<br \/>\ntopra\u011f\u0131n verimli olarak i\u015fletilmesini, verimlili\u011fin korunmas\u0131n\u0131, birim alandan<br \/>\nazami ekonomik verimin al\u0131nmas\u0131n\u0131, tar\u0131msal \u00fcretimin s\u00fcrekli olarak<br \/>\nartt\u0131r\u0131lmas\u0131n\u0131, de\u011ferlendirilmesini ve buralardan istihdam imk\u00e2nlar\u0131n\u0131n<br \/>\nartt\u0131r\u0131lmas\u0131n\u0131 sa\u011flayan projelerdir.<\/span><\/p>\n<p class=\"xmsonormal\" style=\"text-align: justify; text-indent: 35.4pt;\"><span style=\"font-size: 12pt;\">Toplula\u015ft\u0131rma<br \/>\nile k\u00f6ydeki mevcut problemleri ve toplula\u015ft\u0131rma ile hangi problemlerin<br \/>\n\u00e7\u00f6z\u00fclebilece\u011fini belirlemesi gerekmektedir.<\/span><\/p>\n<p class=\"xmsonormal\" style=\"text-align: justify; text-indent: 35.4pt;\"><span style=\"font-size: 12pt;\">\u00c7ift\u00e7iye<br \/>\nverilecek topra\u011f\u0131n \u00f6zellikleri ailenin yap\u0131s\u0131na, yapt\u0131\u011f\u0131 ve yapaca\u011f\u0131 tar\u0131msal<br \/>\nfaaliyete g\u00f6re de\u011fi\u015fir.<\/span><\/p>\n<p class=\"xmsonormal\" style=\"margin: 6pt 0cm; text-align: justify;\"><span style=\"font-size: 12pt;\">&#xa0;&#xa0;&#xa0;&#xa0;&#xa0;&#xa0;<br \/>\n<strong>Kamula\u015ft\u0131rmadan kurtulmak i\u00e7in DS\u0130 yetkisine verilmesi d\u00fc\u015f\u00fcn\u00fclen toplula\u015ft\u0131rma<br \/>\nprojeleri, basit bir projeden \u00f6teye ge\u00e7mez. Toplula\u015ft\u0131rma projeleri \u201cArazi<br \/>\nToplula\u015ft\u0131rmas\u0131\u201d G\u0131da, Tar\u0131m ve Hayvanc\u0131l\u0131k Bakanl\u0131\u011f\u0131n\u0131n asli ve en \u00f6nemli<br \/>\ni\u015flerindendir.<\/strong><\/span><\/p>\n<p class=\"xmsonormal\" style=\"margin: 6pt 0cm; text-align: justify;\"><strong><span style=\"font-size: 12pt;\">&#xa0;&#xa0;&#xa0;&#xa0;&#xa0;&#xa0;&#xa0;&#xa0;&#xa0;&#xa0;&#xa0; Bu politikadan vazge\u00e7ilmeli, Ova ve Tarla i\u00e7i sulama da<br \/>\ndahil t\u00fcm toplula\u015ft\u0131rma i\u015flerinin G\u0131da Tar\u0131m ve Hayvanc\u0131l\u0131k Bakanl\u0131\u011f\u0131nda olmas\u0131<br \/>\n\u00fclke tar\u0131m\u0131nda b\u00fct\u00fcnl\u00fc\u011f\u00fc sa\u011flayacak, politikalar bu alt yap\u0131ya g\u00f6re<br \/>\nolu\u015fturulacak ve tar\u0131m\u0131m\u0131z\u0131 daha da geli\u015ftirecektir.<\/span><\/strong><\/p>\n<p class=\" \"><span style=\"font-size: 14pt; line-height: 107%;\">&#xa0;<\/span><\/p>\n<p class=\" \"><strong><span style=\"font-size: 11pt;\">&#xa0; &#xa0; &#xa0; &#xa0; &#xa0; &#xa0;&#xa0;<\/span><\/strong><strong><span style=\"font-size: 12pt;\">Fehmi K\u0130RAZ&#xa0;&#xa0;&#xa0;&#xa0;&#xa0;&#xa0;&#xa0;&#xa0;&#xa0;&#xa0;&#xa0;&#xa0;&#xa0;&#xa0;&#xa0;&#xa0;&#xa0;&#xa0;&#xa0;&#xa0;&#xa0;&#xa0;&#xa0;&#xa0;&#xa0;&#xa0;<br \/>\n&#xa0;&#xa0;&#xa0;&#xa0;&#xa0;&#xa0;&#xa0;&#xa0;&#xa0;&#xa0;&#xa0;&#xa0;&#xa0;&#xa0;&#xa0;&#xa0;&#xa0;&#xa0;&#xa0;&#xa0;&#xa0;&#xa0;&#xa0;&#xa0;&#xa0;&#xa0;&#xa0;&#xa0;&#xa0;&#xa0;&#xa0;&#xa0;&#xa0;&#xa0;&#xa0;&#xa0;&#xa0;&#xa0;&#xa0;&#xa0;&#xa0;&#xa0;&#xa0;&#xa0;&#xa0;&#xa0;&#xa0;&#xa0;&#xa0;&#xa0;&#xa0;&#xa0;&#xa0;&#xa0;&#xa0;<\/span><\/strong><\/p>\n<p class=\" \"><strong><span style=\"font-size: 12pt;\">&#xa0; &#xa0; Y\u00f6netim Kurulu Ad\u0131na<\/span><\/strong><\/p>\n<p class=\" \"><strong><span style=\"font-size: 12pt;\">&#xa0; &#xa0; &#xa0; &#xa0; &#xa0; Genel Ba\u015fkan<\/span><\/strong><\/p>\n<p class=\" \" style=\"text-align: justify; text-indent: 35.4pt;\"><em><span style=\"font-size: 12pt; line-height: 107%;\">&#xa0;<\/span><\/em><\/p>\n<\/p>\n<p class=\" \"><span style=\"font-size: 14pt; line-height: 107%;\">&#xa0;<\/span><\/p>\n","protected":false},"excerpt":{"rendered":"<p>T\u00dcRK Z\u0130RAAT Y\u00dcKSEK M\u00dcHEND\u0130SLER\u0130 B\u0130RL\u0130\u011e\u0130 \u201cARAZ\u0130 TOPLULA\u015eTIRMASI\u201d GIDA, TARIM VE HAYVANCILIK \u0130\u015e\u0130D\u0130R BASIN B\u0130LD\u0130R\u0130S\u0130 24 Ocak 2018 &#xa0;&#xa0;&#xa0;&#xa0;&#xa0;&#xa0;&#xa0;&#xa0; Arazi Toplula\u015ft\u0131rma ve Tarla \u0130\u00e7i Geli\u015ftirme Hizmetleri i\u015flerinin Orman ve Su \u0130\u015fleri Bakanl\u0131\u011f\u0131 b\u00fcnyesinde devam etmesine dair karar al\u0131nm\u0131\u015ft\u0131r. Bu karar do\u011frultusunda, Say\u0131n Cumhurba\u015fkan\u0131m\u0131z\u0131n son karar\u0131 ile bu konu \u00fcst d\u00fczeyde netle\u015ftirilmi\u015ftir. Yeni sistemin nas\u0131l olaca\u011f\u0131na dair [&hellip;]<\/p>\n","protected":false},"author":1,"featured_media":0,"comment_status":"closed","ping_status":"closed","sticky":false,"template":"","format":"standard","meta":[],"categories":[2],"tags":[],"_links":{"self":[{"href":"http:\/\/www.fehmikiraz.com.tr\/index.php\/wp-json\/wp\/v2\/posts\/10564"}],"collection":[{"href":"http:\/\/www.fehmikiraz.com.tr\/index.php\/wp-json\/wp\/v2\/posts"}],"about":[{"href":"http:\/\/www.fehmikiraz.com.tr\/index.php\/wp-json\/wp\/v2\/types\/post"}],"author":[{"embeddable":true,"href":"http:\/\/www.fehmikiraz.com.tr\/index.php\/wp-json\/wp\/v2\/users\/1"}],"replies":[{"embeddable":true,"href":"http:\/\/www.fehmikiraz.com.tr\/index.php\/wp-json\/wp\/v2\/comments?post=10564"}],"version-history":[{"count":0,"href":"http:\/\/www.fehmikiraz.com.tr\/index.php\/wp-json\/wp\/v2\/posts\/10564\/revisions"}],"wp:attachment":[{"href":"http:\/\/www.fehmikiraz.com.tr\/index.php\/wp-json\/wp\/v2\/media?parent=10564"}],"wp:term":[{"taxonomy":"category","embeddable":true,"href":"http:\/\/www.fehmikiraz.com.tr\/index.php\/wp-json\/wp\/v2\/categories?post=10564"},{"taxonomy":"post_tag","embeddable":true,"href":"http:\/\/www.fehmikiraz.com.tr\/index.php\/wp-json\/wp\/v2\/tags?post=10564"}],"curies":[{"name":"wp","href":"https:\/\/api.w.org\/{rel}","templated":true}]}}