{"id":10444,"date":"2015-01-24T00:00:00","date_gmt":"2015-01-24T00:00:00","guid":{"rendered":"http:\/\/www.muz.com.tr\/blog\/2015\/01\/24\/turkmen-kardeslerimize-yardim-kampanyasi\/"},"modified":"2015-01-24T00:00:00","modified_gmt":"2015-01-24T00:00:00","slug":"turkmen-kardeslerimize-yardim-kampanyasi","status":"publish","type":"post","link":"http:\/\/www.fehmikiraz.com.tr\/index.php\/2015\/01\/24\/turkmen-kardeslerimize-yardim-kampanyasi\/","title":{"rendered":"T\u00dcRKMEN KARDE\u015eLER\u0130M\u0130ZE YARDIM KAMPANYASI"},"content":{"rendered":"<p><!-- Place this tag in your head or just before your close body tag. --><script type=\"text\/javascript\" src=\"https:\/\/apis.google.com\/js\/plusone.js\"><\/script><!-- Place this tag where you want the widget to render. --><\/p>\n<div class=\"g-post\" data-href=\"https:\/\/plus.google.com\/108505285834291794654\/posts\/CT2h1e4nQJK\">&nbsp;<\/div>\n<p align=\"justify\"><font face=\"Times New Roman\"><font size=\"3\">Buras\u0131 Ankara&#8230;<\/font><\/font><\/p>\n<p align=\"justify\"><font face=\"Times New Roman\"><font size=\"3\">Ankara&#8217; n\u0131n bu so\u011fuk g&uuml;nlerinde zalimlerin zulm&uuml;nden ka&ccedil;arak Ba\u015fkentimize gelen ve &ccedil;ok k&ouml;t&uuml; \u015fartlarda ya\u015fayan T&uuml;rkmen karde\u015flerimize (genellikle ya\u015fl\u0131, kad\u0131n ve &ccedil;ocuklardan olu\u015fan 75 ki\u015fi) T&uuml;rk Ziraat Y&uuml;ksek M&uuml;hendisleri Birli\u011fi &nbsp;&ouml;nc&uuml;l&uuml;\u011f&uuml;nde &nbsp;toplanan yard\u0131mlar ula\u015ft\u0131r\u0131ld\u0131.&nbsp;Ankara &Uuml;niversitesi Ziraat Fak&uuml;ltesi &ouml;\u011frencileri ve TZYMB&nbsp;Genel Sekreteri Fikri Kaya &nbsp;ile birlikte toplanan yard\u0131mlar T&uuml;rkmen karde\u015flerimize ula\u015ft\u0131r\u0131ld\u0131.&nbsp;&Ouml;zellikle T&uuml;rkmen karde\u015flerimizin ya\u015fad\u0131\u011f\u0131 nemli yerler, mutfaklar\u0131 ve evlerinin baz\u0131 yerlerinin&nbsp;foto\u011fraflar\u0131 &ccedil;ekilerek sizlerle payla\u015f\u0131lmaktad\u0131r.&nbsp;Karde\u015flerimizin y&uuml;zleri rencide olmas\u0131n diye &ouml;zellikle g&ouml;sterilmemi\u015ftir.&nbsp;<span style=\"font-size: 12pt\">TZYM Birli\u011fince &nbsp;T&uuml;rkmen karde\u015flerimize yard\u0131m kampanyas\u0131, g<\/span><span style=\"font-size: 12pt\">erek camiam\u0131z, gerekse camiam\u0131z d\u0131\u015f\u0131ndan hay\u0131rseverlerin verdi\u011fi yard\u0131mlarla devam etmektedir.&nbsp;Allah&#8217;\u0131n izni ile, &uuml;lkelerindeki her t&uuml;rl&uuml; zul&uuml;m bitinceye kadar bu destek sa\u011flanmaya &ccedil;al\u0131\u015f\u0131lacakt\u0131r.&nbsp;Bu konudaki yard\u0131mlara kat\u0131lmak i&ccedil;in TZYMB Genel Sekreteri Fikri Kaya ile irtibata ge&ccedil;ebilirsiniz.<\/span><\/font><\/font><\/p>\n<p align=\"justify\"><font face=\"Times New Roman\"><font size=\"3\"><span style=\"font-size: 12pt\">Sayg\u0131 ile duyurulur.<\/span><\/font><\/font><\/p>\n","protected":false},"excerpt":{"rendered":"<p>Ya\u015fad\u0131klar\u0131 \u00fclkelerdeki zul\u00fcmlerden ka\u00e7arak \u00fclkemize s\u0131\u011f\u0131nan T\u00fcrkmen karde\u015flerimiz i\u00e7in TZYMB taraf\u0131ndan d\u00fczenlenen yard\u0131m kampanyas\u0131 devam ediyor.<\/p>\n","protected":false},"author":1,"featured_media":0,"comment_status":"closed","ping_status":"closed","sticky":false,"template":"","format":"standard","meta":[],"categories":[2],"tags":[],"_links":{"self":[{"href":"http:\/\/www.fehmikiraz.com.tr\/index.php\/wp-json\/wp\/v2\/posts\/10444"}],"collection":[{"href":"http:\/\/www.fehmikiraz.com.tr\/index.php\/wp-json\/wp\/v2\/posts"}],"about":[{"href":"http:\/\/www.fehmikiraz.com.tr\/index.php\/wp-json\/wp\/v2\/types\/post"}],"author":[{"embeddable":true,"href":"http:\/\/www.fehmikiraz.com.tr\/index.php\/wp-json\/wp\/v2\/users\/1"}],"replies":[{"embeddable":true,"href":"http:\/\/www.fehmikiraz.com.tr\/index.php\/wp-json\/wp\/v2\/comments?post=10444"}],"version-history":[{"count":0,"href":"http:\/\/www.fehmikiraz.com.tr\/index.php\/wp-json\/wp\/v2\/posts\/10444\/revisions"}],"wp:attachment":[{"href":"http:\/\/www.fehmikiraz.com.tr\/index.php\/wp-json\/wp\/v2\/media?parent=10444"}],"wp:term":[{"taxonomy":"category","embeddable":true,"href":"http:\/\/www.fehmikiraz.com.tr\/index.php\/wp-json\/wp\/v2\/categories?post=10444"},{"taxonomy":"post_tag","embeddable":true,"href":"http:\/\/www.fehmikiraz.com.tr\/index.php\/wp-json\/wp\/v2\/tags?post=10444"}],"curies":[{"name":"wp","href":"https:\/\/api.w.org\/{rel}","templated":true}]}}