{"id":10441,"date":"2014-12-20T00:00:00","date_gmt":"2014-12-20T00:00:00","guid":{"rendered":"http:\/\/www.muz.com.tr\/blog\/2014\/12\/20\/kestane-agaci-kiyimi-basin-bildirisi-20-aralik-2014\/"},"modified":"2014-12-20T00:00:00","modified_gmt":"2014-12-20T00:00:00","slug":"kestane-agaci-kiyimi-basin-bildirisi-20-aralik-2014","status":"publish","type":"post","link":"http:\/\/www.fehmikiraz.com.tr\/index.php\/2014\/12\/20\/kestane-agaci-kiyimi-basin-bildirisi-20-aralik-2014\/","title":{"rendered":"KESTANE A\u011eACI KIYIMI BASIN B\u0130LD\u0130R\u0130S\u0130 20 Aral\u0131k 2014"},"content":{"rendered":"<p>T\u00dcRK Z\u0130RAAT Y\u00dcKSEK M\u00dcHEND\u0130SLER\u0130 B\u0130RL\u0130\u011e\u0130<br \/>\nKESTANE A\u011eACI KIYIMI<br \/>\nBASIN B\u0130LD\u0130R\u0130S\u0130<br \/>\n20 Aral\u0131k 2014<br \/>\nA\u011eA\u00c7 KIYIMINA DEVAM ED\u0130L\u0130YOR<br \/>\nBilindi\u011fi \u00fczere  Soma Y\u0131rca\u2019da kamula\u015ft\u0131rma kurnazl\u0131\u011f\u0131 ile 6000 zeytin a\u011fac\u0131 katledilmi\u015fti.<br \/>\n\u015eimdi de ayn\u0131 y\u00f6ntem ile \u0130zmir\u2019in Kiraz il\u00e7esi Ahmetler ve Umurlu k\u00f6y\u00fc ile buralara kom\u015fu Ayd\u0131n\u2019\u0131n Nazilli il\u00e7esinin baz\u0131 k\u00f6ylerinde r\u00fczgar enerji santrali kurmak i\u00e7in kamula\u015ft\u0131rma karar\u0131 al\u0131nm\u0131\u015f ve bu nedenden dolay\u0131 5000\u2019den fazla kestane a\u011fac\u0131 katledilecektir.<br \/>\nK\u00f6yl\u00fcler kestaneden ba\u015fka ge\u00e7im kaynaklar\u0131n\u0131n olmad\u0131\u011f\u0131n\u0131 ve \u015fehirlere i\u015fsiz olarak mecburi g\u00f6\u00e7 yapacaklar\u0131n\u0131, k\u00f6ylerinde kalmak, istediklerini s\u00f6ylemektedirler.<br \/>\nEnerji santrallerinin, \u00fclkemizin yoksul insanlar\u0131n\u0131n temel ge\u00e7im kayna\u011f\u0131 olan arazilerinin ellerinden al\u0131nmas\u0131na yol a\u00e7an bu uygulamay\u0131 reddediyoruz.<br \/>\nAile \u00e7ift\u00e7ili\u011finin olmazsa olmaz\u0131 arazilerin, belirli bir \u00fccret verilerek \u00e7ift\u00e7ilerin elinden al\u0131nmas\u0131n\u0131n yanl\u0131\u015f oldu\u011funu d\u00fc\u015f\u00fcn\u00fcyoruz.<br \/>\n\u00dcretim ara\u00e7lar\u0131n\u0131n ellerinden al\u0131nmas\u0131n\u0131n bu insanlar \u00fczerinde olumsuz etkiler yarataca\u011f\u0131n\u0131, kamula\u015ft\u0131rma bedeli olarak verilen \u00fccretlerin k\u0131sa s\u00fcrede t\u00fckenece\u011fi ve bu insanlar\u0131n sefil olacaklar\u0131n\u0131 \u015fimdiden kamuoyuna duyuruyoruz.<br \/>\nEnerji santralleri kurulan yerlerin daha insanc\u0131l yakla\u015f\u0131mlarla ele al\u0131nmas\u0131, arazisi kamula\u015ft\u0131r\u0131lacak ailelere kar\u015f\u0131 bir tak\u0131m tedbirler al\u0131nmadan bu i\u015flemlerin yang\u0131ndan mal ka\u00e7\u0131r\u0131r gibi yap\u0131lmas\u0131n\u0131 \u015fiddetle k\u0131n\u0131yoruz.<br \/>\nEnerji sekt\u00f6r\u00fcne yap\u0131lan yat\u0131r\u0131mlar\u0131n\u0131n s\u00fcrekli olarak, tar\u0131m yap\u0131lan alanlar \u00fczerinde bask\u0131 unsuru haline gelmesi,  g\u00fcn\u00fcm\u00fczde oldu\u011fu gibi, gelecekte de  b\u00fcy\u00fck sorunlara yol a\u00e7acakt\u0131r.<br \/>\nKamuoyuna sayg\u0131lar\u0131m\u0131zla duyurulur.<br \/>\n\t\t\t\t\t\t\t\t\tFehmi K\u0130RAZ<br \/>\n\t\t\t\t\t\t\t\t  Y\u00f6netim Kurulu Ad\u0131na<br \/>\n\t\t\t\t\t\t\t\t\tGenel Ba\u015fkan<\/p>\n","protected":false},"excerpt":{"rendered":"<p>T\u00dcRK Z\u0130RAAT Y\u00dcKSEK M\u00dcHEND\u0130SLER\u0130 B\u0130RL\u0130\u011e\u0130 KESTANE A\u011eACI KIYIMI BASIN B\u0130LD\u0130R\u0130S\u0130 20 Aral\u0131k 2014 A\u011eA\u00c7 KIYIMINA DEVAM ED\u0130L\u0130YOR Bilindi\u011fi \u00fczere Soma Y\u0131rca\u2019da kamula\u015ft\u0131rma kurnazl\u0131\u011f\u0131 ile 6000 zeytin a\u011fac\u0131 katledilmi\u015fti. \u015eimdi de ayn\u0131 y\u00f6ntem ile \u0130zmir\u2019in Kiraz il\u00e7esi Ahmetler ve Umurlu k\u00f6y\u00fc ile buralara kom\u015fu Ayd\u0131n\u2019\u0131n Nazilli il\u00e7esinin baz\u0131 k\u00f6ylerinde r\u00fczgar enerji santrali kurmak i\u00e7in kamula\u015ft\u0131rma karar\u0131 [&hellip;]<\/p>\n","protected":false},"author":1,"featured_media":0,"comment_status":"closed","ping_status":"closed","sticky":false,"template":"","format":"standard","meta":[],"categories":[2],"tags":[],"_links":{"self":[{"href":"http:\/\/www.fehmikiraz.com.tr\/index.php\/wp-json\/wp\/v2\/posts\/10441"}],"collection":[{"href":"http:\/\/www.fehmikiraz.com.tr\/index.php\/wp-json\/wp\/v2\/posts"}],"about":[{"href":"http:\/\/www.fehmikiraz.com.tr\/index.php\/wp-json\/wp\/v2\/types\/post"}],"author":[{"embeddable":true,"href":"http:\/\/www.fehmikiraz.com.tr\/index.php\/wp-json\/wp\/v2\/users\/1"}],"replies":[{"embeddable":true,"href":"http:\/\/www.fehmikiraz.com.tr\/index.php\/wp-json\/wp\/v2\/comments?post=10441"}],"version-history":[{"count":0,"href":"http:\/\/www.fehmikiraz.com.tr\/index.php\/wp-json\/wp\/v2\/posts\/10441\/revisions"}],"wp:attachment":[{"href":"http:\/\/www.fehmikiraz.com.tr\/index.php\/wp-json\/wp\/v2\/media?parent=10441"}],"wp:term":[{"taxonomy":"category","embeddable":true,"href":"http:\/\/www.fehmikiraz.com.tr\/index.php\/wp-json\/wp\/v2\/categories?post=10441"},{"taxonomy":"post_tag","embeddable":true,"href":"http:\/\/www.fehmikiraz.com.tr\/index.php\/wp-json\/wp\/v2\/tags?post=10441"}],"curies":[{"name":"wp","href":"https:\/\/api.w.org\/{rel}","templated":true}]}}