{"id":10425,"date":"2014-06-18T00:00:00","date_gmt":"2014-06-18T00:00:00","guid":{"rendered":"http:\/\/www.muz.com.tr\/blog\/2014\/06\/18\/turkavdan-birligimize-ziyaret\/"},"modified":"2014-06-18T00:00:00","modified_gmt":"2014-06-18T00:00:00","slug":"turkavdan-birligimize-ziyaret","status":"publish","type":"post","link":"http:\/\/www.fehmikiraz.com.tr\/index.php\/2014\/06\/18\/turkavdan-birligimize-ziyaret\/","title":{"rendered":"T\u00dcRKAV&#8217;DAN B\u0130RL\u0130\u011e\u0130M\u0130ZE Z\u0130YARET"},"content":{"rendered":"<p align=\"justify\">Say\u0131n Genel Ba\u015fkan Sinan Y&uuml;ksel, 1961 K\u0131r\u015fehir do\u011fumlu, \u0130lk&ouml;\u011fretim ve Orta&ouml;\u011fretimini K\u0131r\u015fehir&#8217;de yapt\u0131. 1985 y\u0131l\u0131nda A.&Uuml;.Fen Fak&uuml;ltesi&#8217;nden Biyolog unvan\u0131yla mezun oldu, ayn\u0131 fak&uuml;ltede Y&uuml;ksek Lisans\u0131n\u0131 tamamlad\u0131. 1987 y\u0131l\u0131nda SSK&#8217;da ba\u015flad\u0131\u011f\u0131 g&ouml;revini, 2011 y\u0131l\u0131na kadar SGK ile devam ettirdi.<\/p>\n<p align=\"justify\">2011 y\u0131l\u0131nda naklen Gazi &Uuml;niversitesi&#8217;ne ge&ccedil;ti. G.&Uuml;. T\u0131p Fak&uuml;ltesi&#8217;nde halen g&ouml;rev yapmaktad\u0131r. Spor yapmak, foto\u011fraf &ccedil;ekmek, kitap okumak ve seyahat etmek gibi hobileri olup; iyi bir &ccedil;evre dostudur. Tae Kwon-Do R16;da Siyah Ku\u015fak 1.dan sahibi olup; 1984 ve 1985 &Uuml;niversiteler Aras\u0131 T&uuml;rkiye \u015fampiyonlu\u011fu bulunmaktad\u0131r.<\/p>\n<p align=\"justify\">Sivil Toplum Kurulu\u015flar\u0131ndaki ba\u015far\u0131l\u0131 &ccedil;al\u0131\u015fmalar\u0131yla tan\u0131n\u0131r. T&Uuml;RKAV Ankara \u015eube Ba\u015fkanl\u0131\u011f\u0131 Kurum temsilcili\u011fi g&ouml;revinden ba\u015flayarak her kademede g&ouml;rev alm\u0131\u015f, 2004-2008 y\u0131llar\u0131nda T&Uuml;RKAV Ankara \u015eube Ba\u015fkanl\u0131\u011f\u0131, 2010 y\u0131l\u0131na kadar T&Uuml;RKAV Genel Ba\u015fkan yard\u0131mc\u0131l\u0131\u011f\u0131, 2011 y\u0131l\u0131ndan bug&uuml;ne kadar da Genel Ba\u015fkan Vekili olarak g&ouml;revini s&uuml;rd&uuml;rm&uuml;\u015ft&uuml;r. Evli ve iki &ccedil;ocuk sahibidir.<\/p>\n<p align=\"justify\">&Uuml;lkemizdeki kamu &ccedil;al\u0131\u015fanlar\u0131n\u0131n kalk\u0131nma ve dayan\u0131\u015fmalar\u0131n\u0131 sa\u011flamaya &ccedil;al\u0131\u015fan&nbsp;T&Uuml;RKAV ba\u015far\u0131l\u0131 bir&ccedil;ok &ccedil;al\u0131\u015fmaya imza atm\u0131\u015ft\u0131r.<!-- Place this tag in your head or just before your close body tag. --><script type=\"text\/javascript\" src=\"https:\/\/apis.google.com\/js\/plusone.js\"><\/script><!-- Place this tag where you want the widget to render. --><\/p>\n<div class=\"g-post\" data-href=\"https:\/\/plus.google.com\/108505285834291794654\/posts\/QpnPbbzDWNN\">&nbsp;<\/div>\n","protected":false},"excerpt":{"rendered":"<p>T\u00fcrkiye Kamu \u00c7al\u0131\u015fanlar\u0131 Kalk\u0131nma ve Dayan\u0131\u015fma Vakf\u0131 (T\u00dcRKAV) Genel Ba\u015fkan\u0131 Say\u0131n Sinan Y\u00fcksel TZYMB ziyaret etti.<\/p>\n","protected":false},"author":1,"featured_media":0,"comment_status":"closed","ping_status":"closed","sticky":false,"template":"","format":"standard","meta":[],"categories":[2],"tags":[],"_links":{"self":[{"href":"http:\/\/www.fehmikiraz.com.tr\/index.php\/wp-json\/wp\/v2\/posts\/10425"}],"collection":[{"href":"http:\/\/www.fehmikiraz.com.tr\/index.php\/wp-json\/wp\/v2\/posts"}],"about":[{"href":"http:\/\/www.fehmikiraz.com.tr\/index.php\/wp-json\/wp\/v2\/types\/post"}],"author":[{"embeddable":true,"href":"http:\/\/www.fehmikiraz.com.tr\/index.php\/wp-json\/wp\/v2\/users\/1"}],"replies":[{"embeddable":true,"href":"http:\/\/www.fehmikiraz.com.tr\/index.php\/wp-json\/wp\/v2\/comments?post=10425"}],"version-history":[{"count":0,"href":"http:\/\/www.fehmikiraz.com.tr\/index.php\/wp-json\/wp\/v2\/posts\/10425\/revisions"}],"wp:attachment":[{"href":"http:\/\/www.fehmikiraz.com.tr\/index.php\/wp-json\/wp\/v2\/media?parent=10425"}],"wp:term":[{"taxonomy":"category","embeddable":true,"href":"http:\/\/www.fehmikiraz.com.tr\/index.php\/wp-json\/wp\/v2\/categories?post=10425"},{"taxonomy":"post_tag","embeddable":true,"href":"http:\/\/www.fehmikiraz.com.tr\/index.php\/wp-json\/wp\/v2\/tags?post=10425"}],"curies":[{"name":"wp","href":"https:\/\/api.w.org\/{rel}","templated":true}]}}