{"id":10423,"date":"2014-06-10T00:00:00","date_gmt":"2014-06-10T00:00:00","guid":{"rendered":"http:\/\/www.muz.com.tr\/blog\/2014\/06\/10\/bayrak-inmez\/"},"modified":"2014-06-10T00:00:00","modified_gmt":"2014-06-10T00:00:00","slug":"bayrak-inmez","status":"publish","type":"post","link":"http:\/\/www.fehmikiraz.com.tr\/index.php\/2014\/06\/10\/bayrak-inmez\/","title":{"rendered":"BAYRAK \u0130NMEZ"},"content":{"rendered":"<p align=\"justify\">U\u011fruna canlar verdi\u011fimiz ve T&uuml;rk Milletinin varl\u0131\u011f\u0131n\u0131 ve \u015ferefini g&ouml;steren bayra\u011f\u0131m\u0131z\u0131n indirilmesini \u015fiddetle k\u0131n\u0131yoruz.<\/p>\n<p align=\"justify\">Bu giri\u015fimde bulunan al&ccedil;aklardan &ccedil;ok, bu al&ccedil;aklara bu c&uuml;reti verenler su&ccedil;ludur. Bunun hesab\u0131n\u0131 B&uuml;y&uuml;k T&uuml;rk Milleti soracakt\u0131r.&nbsp;<\/p>\n<p align=\"justify\">Milletin bekas\u0131 i&ccedil;in kendi &ouml;z o\u011flunu &ouml;ld&uuml;rtmekten &ccedil;ekinmeyen bu milletin evlatlar\u0131 da &ouml;lmekten ve kendi varl\u0131\u011f\u0131na kasteden d&uuml;\u015fmanlar\u0131n\u0131 yok etmekten &ccedil;ekinmemelidir. Aksi takdirde b&ouml;yle pervas\u0131zl\u0131klar, b&ouml;yle al&ccedil;akl\u0131klar ya\u015fanmaya devam eder.<\/p>\n<p align=\"justify\">Memleketin idaresinde ge&ccedil;ici olarak bulunanlar bunu iyi anlamal\u0131d\u0131r. Memleketimizin b&uuml;t&uuml;nl&uuml;\u011f&uuml;ne ve kutsal\u0131na dokunabilme cesaretini bulanlar, yar\u0131n ba\u015fka \u015feyleri de istemek i&ccedil;in cesaret bulurlar.<\/p>\n<p align=\"justify\">Bu memleketi korumakla g&ouml;revli ki\u015filerin kan a\u011flad\u0131\u011f\u0131n\u0131 biliyoruz. Bayra\u011f\u0131 indirmeye &ccedil;al\u0131\u015fan hainleri engelleyecek her t&uuml;rl&uuml; imkana sahip oldu\u011fu halde, al\u0131nan emir nedeniyle bu g&ouml;revi yapan ki\u015filerin utanc\u0131ndan kimsenin y&uuml;z&uuml;ne bakamad\u0131\u011f\u0131n\u0131 da biliyoruz. Bu ay\u0131p ve y&uuml;z karas\u0131 durum,&nbsp;askeri bir &uuml;stteki bayra\u011f\u0131 indirmeye &ccedil;al\u0131\u015fan bir haini bertaraf etme cesaretini g&ouml;steremeyen memleketi s&ouml;zde idare edenlerin sorumlulu\u011fundad\u0131r.<\/p>\n<p align=\"justify\">5-10 y\u0131l daha g&uuml;c&uuml;n&uuml; elinde bulundurmak isteyenler bilsinler ki, bu y&uuml;z karas\u0131 durum, 100 y\u0131l elinde g&uuml;&ccedil; ve iktidar bulundursan da temizlenmeyecek, unutulmayacakt\u0131r.<\/p>\n<p class=\"MsoNormal\" style=\"text-align: center; margin: 0cm 0cm 10pt\" align=\"center\"><span style=\"font-size: 12pt; font-family: &quot;Times New Roman&quot;,&quot;serif&quot;; line-height: 115%\">CAN VEREL\u0130M TAMAM MI? <\/p>\n<p>Ecdad\u0131mdan miras,o kald\u0131 bana. <br \/>\nBayrak,benden de kalacak toruna. <br \/>\nDe\u011fer Bayra\u011f\u0131m,milyonlarca cana. <br \/>\nU\u011fruna,can verelim,TAMAM MI? <br \/>\nTAMAM <\/p>\n<p>Ay-Y\u0131ld\u0131z; denizde,karada,havada. <br \/>\nTesbih gibidir,okunan her duada. <br \/>\nHa\u015fre kadar,dalgalans\u0131n semada. <br \/>\nU\u011fruna,can verelim,TAMAM MI? <br \/>\nTAMAM<o:p><\/o:p><\/span><\/p>\n<p class=\"MsoNormal\" style=\"text-align: center; margin: 0cm 0cm 10pt\" align=\"center\"><span style=\"font-size: 12pt; font-family: &quot;Times New Roman&quot;,&quot;serif&quot;; line-height: 115%\">(<\/span><font face=\"Calibri\"><span style=\"font-size: 9pt; line-height: 115%\">Mustafa EROL<\/span><font size=\"3\">)<\/font><\/font><span style=\"font-size: 12pt; font-family: &quot;Times New Roman&quot;,&quot;serif&quot;; line-height: 115%\"><o:p><\/o:p><\/span><\/p>\n<p align=\"justify\">&nbsp;<\/p>\n","protected":false},"excerpt":{"rendered":"<p>Ba\u011f\u0131ms\u0131zl\u0131\u011f\u0131m\u0131z\u0131n ve Milletimizin varl\u0131\u011f\u0131n\u0131n temsili BAYRA\u011eIMIZI indirmeye \u00e7al\u0131\u015fanlar\u0131 lanetliyoruz.<\/p>\n","protected":false},"author":1,"featured_media":0,"comment_status":"closed","ping_status":"closed","sticky":false,"template":"","format":"standard","meta":[],"categories":[2],"tags":[],"_links":{"self":[{"href":"http:\/\/www.fehmikiraz.com.tr\/index.php\/wp-json\/wp\/v2\/posts\/10423"}],"collection":[{"href":"http:\/\/www.fehmikiraz.com.tr\/index.php\/wp-json\/wp\/v2\/posts"}],"about":[{"href":"http:\/\/www.fehmikiraz.com.tr\/index.php\/wp-json\/wp\/v2\/types\/post"}],"author":[{"embeddable":true,"href":"http:\/\/www.fehmikiraz.com.tr\/index.php\/wp-json\/wp\/v2\/users\/1"}],"replies":[{"embeddable":true,"href":"http:\/\/www.fehmikiraz.com.tr\/index.php\/wp-json\/wp\/v2\/comments?post=10423"}],"version-history":[{"count":0,"href":"http:\/\/www.fehmikiraz.com.tr\/index.php\/wp-json\/wp\/v2\/posts\/10423\/revisions"}],"wp:attachment":[{"href":"http:\/\/www.fehmikiraz.com.tr\/index.php\/wp-json\/wp\/v2\/media?parent=10423"}],"wp:term":[{"taxonomy":"category","embeddable":true,"href":"http:\/\/www.fehmikiraz.com.tr\/index.php\/wp-json\/wp\/v2\/categories?post=10423"},{"taxonomy":"post_tag","embeddable":true,"href":"http:\/\/www.fehmikiraz.com.tr\/index.php\/wp-json\/wp\/v2\/tags?post=10423"}],"curies":[{"name":"wp","href":"https:\/\/api.w.org\/{rel}","templated":true}]}}