{"id":10421,"date":"2014-06-08T00:00:00","date_gmt":"2014-06-08T00:00:00","guid":{"rendered":"http:\/\/www.muz.com.tr\/blog\/2014\/06\/08\/turk-muzigi-korosu-konseri-gerceklestirildi\/"},"modified":"2014-06-08T00:00:00","modified_gmt":"2014-06-08T00:00:00","slug":"turk-muzigi-korosu-konseri-gerceklestirildi","status":"publish","type":"post","link":"http:\/\/www.fehmikiraz.com.tr\/index.php\/2014\/06\/08\/turk-muzigi-korosu-konseri-gerceklestirildi\/","title":{"rendered":"T\u00dcRK M\u00dcZ\u0130\u011e\u0130 KOROSU KONSERi GER\u00c7EKLE\u015eT\u0130R\u0130LD\u0130"},"content":{"rendered":"<p align=\"justify\">TRT Sanat&ccedil;\u0131s\u0131 Suat YILDIRIM \u015fefli\u011finde yeni kurulan&nbsp;ve b&uuml;y&uuml;k &ccedil;o\u011funlu\u011fu ziraat m&uuml;hendislerinden olu\u015fan T&uuml;rk M&uuml;zi\u011fi Korosu ilk konserlerini TSE konser salonunda verdi. &Ccedil;al\u0131\u015fmalara k\u0131sa denebilecek bir zamanda tamamlayarak&nbsp;konser veren T&uuml;rk M&uuml;zi\u011fi Korosu&nbsp;konsere kat\u0131lanlar\u0131n b&uuml;y&uuml;k be\u011fenisini kazand\u0131.<\/p>\n<p align=\"justify\">&nbsp;<\/p>\n<p align=\"justify\">Ziraat m&uuml;hendisi meslekta\u015flar\u0131m\u0131z\u0131n g&uuml;fte ve bestesini yapt\u0131klar\u0131 eserlerinde i&ccedil;inde oldu\u011fu 30 eseri icra eden koro izleyenleri \u015fa\u015f\u0131rtt\u0131. Koronun kurulmas\u0131nda ve &ccedil;al\u0131\u015fmalar\u0131nda b&uuml;y&uuml;k eme\u011fi olan \u015eef Suat YILDIRIM, M&uuml;jgan TA\u015eKIN, Celal TAN&nbsp;ba\u015fta olmak &uuml;zere t&uuml;m koro &uuml;yelerini TZYMB Genel Ba\u015fkan\u0131 Fehmi K\u0130RAZ tebrik ederek &ccedil;al\u0131\u015fmalar\u0131nda ba\u015far\u0131lar diledi.<!-- Place this tag in your head or just before your close body tag. --><script type=\"text\/javascript\" src=\"https:\/\/apis.google.com\/js\/plusone.js\"><\/script><!-- Place this tag where you want the widget to render. --><\/p>\n<p class=\"g-post\" data-href=\"https:\/\/plus.google.com\/108505285834291794654\/posts\/bYw2j5Yu4Ww\">&nbsp;<\/p>\n","protected":false},"excerpt":{"rendered":"<p>T\u00fcrk Ziraat Y\u00fcksek M\u00fchendisleri Birli\u011fi b\u00fcnyesinde kurulan T\u00fcrk M\u00fczi\u011fi Korosu TSE Salonunda konser vermi\u015ftir.<\/p>\n","protected":false},"author":1,"featured_media":0,"comment_status":"closed","ping_status":"closed","sticky":false,"template":"","format":"standard","meta":[],"categories":[2],"tags":[],"_links":{"self":[{"href":"http:\/\/www.fehmikiraz.com.tr\/index.php\/wp-json\/wp\/v2\/posts\/10421"}],"collection":[{"href":"http:\/\/www.fehmikiraz.com.tr\/index.php\/wp-json\/wp\/v2\/posts"}],"about":[{"href":"http:\/\/www.fehmikiraz.com.tr\/index.php\/wp-json\/wp\/v2\/types\/post"}],"author":[{"embeddable":true,"href":"http:\/\/www.fehmikiraz.com.tr\/index.php\/wp-json\/wp\/v2\/users\/1"}],"replies":[{"embeddable":true,"href":"http:\/\/www.fehmikiraz.com.tr\/index.php\/wp-json\/wp\/v2\/comments?post=10421"}],"version-history":[{"count":0,"href":"http:\/\/www.fehmikiraz.com.tr\/index.php\/wp-json\/wp\/v2\/posts\/10421\/revisions"}],"wp:attachment":[{"href":"http:\/\/www.fehmikiraz.com.tr\/index.php\/wp-json\/wp\/v2\/media?parent=10421"}],"wp:term":[{"taxonomy":"category","embeddable":true,"href":"http:\/\/www.fehmikiraz.com.tr\/index.php\/wp-json\/wp\/v2\/categories?post=10421"},{"taxonomy":"post_tag","embeddable":true,"href":"http:\/\/www.fehmikiraz.com.tr\/index.php\/wp-json\/wp\/v2\/tags?post=10421"}],"curies":[{"name":"wp","href":"https:\/\/api.w.org\/{rel}","templated":true}]}}