{"id":10416,"date":"2014-05-07T00:00:00","date_gmt":"2014-05-07T00:00:00","guid":{"rendered":"http:\/\/www.muz.com.tr\/blog\/2014\/05\/07\/bahar-yagislari-umut-oluyor\/"},"modified":"2014-05-07T00:00:00","modified_gmt":"2014-05-07T00:00:00","slug":"bahar-yagislari-umut-oluyor","status":"publish","type":"post","link":"http:\/\/www.fehmikiraz.com.tr\/index.php\/2014\/05\/07\/bahar-yagislari-umut-oluyor\/","title":{"rendered":"BAHAR YA\u011eI\u015eLARI UMUT OLUYOR"},"content":{"rendered":"<p class=\"MsoNormal\" style=\"vertical-align: baseline; background: white; text-align: justify; margin: 0cm 0cm 6pt; line-height: 15.6pt; mso-outline-level: 3\">&nbsp;<\/p>\n<p class=\"MsoNormal\" style=\"vertical-align: baseline; background: white; text-align: justify; margin: 0cm 0cm 6pt; line-height: 15.6pt; mso-outline-level: 3\">&nbsp;<\/p>\n<p class=\"MsoNormal\" style=\"vertical-align: baseline; background: white; text-align: justify; margin: 0cm 0cm 6pt; line-height: 15.6pt; mso-outline-level: 3\">&nbsp;<\/p>\n<p class=\"MsoNormal\" style=\"vertical-align: baseline; background: white; text-align: justify; margin: 0cm 0cm 6pt; line-height: 15.6pt; mso-outline-level: 3\">&nbsp;<\/p>\n<p class=\"MsoNormal\" style=\"vertical-align: baseline; background: white; text-align: justify; margin: 0cm 0cm 6pt; line-height: 15.6pt; mso-outline-level: 3\">&nbsp;<\/p>\n<p class=\"MsoNormal\" style=\"vertical-align: baseline; background: white; text-align: justify; margin: 0cm 0cm 6pt; line-height: 15.6pt; mso-outline-level: 3\"><strong><span style=\"font-size: 9pt; font-family: &quot;inherit&quot;,&quot;serif&quot;; mso-fareast-font-family: &quot;Times New Roman&quot;; mso-bidi-font-family: Arial; mso-fareast-language: TR\">Hububata ge&ccedil; kalan ya\u011fmur bakliyata umut oldu<o:p><\/o:p><\/span><\/strong><\/p>\n<p class=\"MsoNormal\" style=\"vertical-align: baseline; background: white; text-align: justify; margin: 0cm 0cm 0pt; line-height: 16.8pt\"><span style=\"font-size: 5pt; border-top: windowtext 1pt; font-family: &quot;Arial&quot;,&quot;sans-serif&quot;; border-right: windowtext 1pt; border-bottom: windowtext 1pt; padding-bottom: 0cm; padding-top: 0cm; padding-left: 0cm; border-left: windowtext 1pt; padding-right: 0cm; mso-fareast-font-family: &quot;Times New Roman&quot;; mso-fareast-language: TR; mso-border-alt: none windowtext 0cm\">07 May\u0131s 2014 11:49 (Son g&uuml;ncelleme 07 May\u0131s 2014 11:50)<\/span><span style=\"font-size: 7pt; font-family: &quot;Arial&quot;,&quot;sans-serif&quot;; mso-fareast-font-family: &quot;Times New Roman&quot;; mso-fareast-language: TR\"><o:p><\/o:p><\/span><\/p>\n<p class=\"MsoNormal\" style=\"vertical-align: baseline; background: white; text-align: justify; margin: 0cm 0cm 10pt; line-height: 16.8pt\"><strong><span style=\"font-size: 8pt; font-family: &quot;Arial&quot;,&quot;sans-serif&quot;; mso-fareast-font-family: &quot;Times New Roman&quot;; mso-fareast-language: TR\">T&uuml;rkiye Ziraat Y&uuml;ksek M&uuml;hendisleri Birli\u011fi Genel Ba\u015fkan\u0131 Kiraz, &quot;Ya\u011fmurlar hububat i&ccedil;in gecikti. Ancak bu son ya\u011f\u0131\u015flar \u0130&ccedil; Anadolu ve G&uuml;ney Do\u011fu Anadolu b&ouml;lgelerinde bakliyat t&uuml;r&uuml;nde olumlu etki olu\u015fturacak&quot; dedi.<o:p><\/o:p><\/span><\/strong><\/p>\n<p class=\"MsoNormal\" style=\"vertical-align: baseline; background: white; text-align: justify; margin: 0cm 0cm 2.9pt; line-height: 16.8pt\"><span style=\"font-size: 7pt; font-family: &quot;Arial&quot;,&quot;sans-serif&quot;; mso-fareast-font-family: &quot;Times New Roman&quot;; mso-fareast-language: TR; mso-bidi-font-size: 11.0pt\">&nbsp;<\/span><span style=\"font-size: 7pt; font-family: &quot;Arial&quot;,&quot;sans-serif&quot;; mso-fareast-font-family: &quot;Times New Roman&quot;; mso-fareast-language: TR\"><o:p><\/o:p><\/span><\/p>\n<p class=\"MsoNormal\" style=\"vertical-align: baseline; background: white; text-align: justify; margin: 0cm 0cm 12pt; line-height: 16.8pt\"><span style=\"font-size: 7pt; font-family: &quot;Arial&quot;,&quot;sans-serif&quot;; mso-fareast-font-family: &quot;Times New Roman&quot;; mso-fareast-language: TR\">ANKARA &#8211; Seval Ocak Ad\u0131yaman<o:p><\/o:p><\/span><\/p>\n<p class=\"MsoNormal\" style=\"vertical-align: baseline; background: white; text-align: justify; margin: 0cm 0cm 12pt; line-height: 16.8pt\"><span style=\"font-size: 7pt; font-family: &quot;Arial&quot;,&quot;sans-serif&quot;; mso-fareast-font-family: &quot;Times New Roman&quot;; mso-fareast-language: TR\">T&uuml;rkiye Ziraat Y&uuml;ksek M&uuml;hendisleri Birli\u011fi Genel Ba\u015fkan\u0131 Fehmi&nbsp;Kiraz,&nbsp;&quot;Ya\u011fmurlar hububat i&ccedil;in gecikti. Bu\u011fdayda hasat zaman\u0131 geldi. Ancak bu son ya\u011f\u0131\u015flar,&nbsp;\u0130&ccedil; Anadolu ve G&uuml;ney Do\u011fu Anadolu b&ouml;lgelerinde nohut ve mercimek gibi&nbsp;bakliyat t&uuml;r&uuml;nde olumlu etki olu\u015fturacak&quot; dedi.<o:p><\/o:p><\/span><\/p>\n<p class=\"MsoNormal\" style=\"vertical-align: baseline; background: white; text-align: justify; margin: 0cm 0cm 12pt; line-height: 16.8pt\"><span style=\"font-size: 7pt; font-family: &quot;Arial&quot;,&quot;sans-serif&quot;; mso-fareast-font-family: &quot;Times New Roman&quot;; mso-fareast-language: TR\">Kiraz, ge&ccedil;en ay sonunda ba\u015flayan ve may\u0131s itibar\u0131yla devam eden ya\u011f\u0131\u015flar\u0131n tar\u0131msal &uuml;r&uuml;nlere etkilerini de\u011ferlendirdi. Ya\u011fmurun, hububat\u0131n &quot;dane doldurma&quot; s&uuml;recinde oldu\u011fu&nbsp;\u0130&ccedil; Anadolu B&ouml;lgesinde az da olsa&nbsp;olumlu etki yaratabilece\u011fini ancak&nbsp;rekolte kayb\u0131n\u0131n &ouml;nlenemeyece\u011fini belirten Kiraz, bu\u011fdaydaki rekolte kayb\u0131n\u0131n \u0130&ccedil; Anadolu&#8217;da y&uuml;zde 25&#8217;e ula\u015fmas\u0131n\u0131n &ouml;ng&ouml;r&uuml;ld&uuml;\u011f&uuml;n&uuml;, bunun da 1,5-2 milyon ton aras\u0131nda oldu\u011funu anlatt\u0131.<o:p><\/o:p><\/span><\/p>\n<p class=\"MsoNormal\" style=\"vertical-align: baseline; background: white; text-align: justify; margin: 0cm 0cm 12pt; line-height: 16.8pt\"><span style=\"font-size: 7pt; font-family: &quot;Arial&quot;,&quot;sans-serif&quot;; mso-fareast-font-family: &quot;Times New Roman&quot;; mso-fareast-language: TR\">Son d&ouml;nemdeki ya\u011f\u0131\u015flar\u0131n &ouml;zellikle bakliyatta olumlu etki yaratmas\u0131n\u0131n beklendi\u011fini bildiren Kiraz, &quot;Ya\u011fmurlar hububat i&ccedil;in gecikti. Bu\u011fdayda hasat zaman\u0131 geldi. Ancak bu son ya\u011f\u0131\u015flar,&nbsp;\u0130&ccedil; Anadolu ve G&uuml;ney Do\u011fu Anadolu b&ouml;lgelerinde nohut ve mercimek gibi&nbsp;bakliyat t&uuml;r&uuml;nde olumlu etki olu\u015fturacak&quot; diye konu\u015ftu.<o:p><\/o:p><\/span><\/p>\n<p class=\"MsoNormal\" style=\"vertical-align: baseline; background: white; text-align: justify; margin: 0cm 0cm 12pt; line-height: 16.8pt\"><span style=\"font-size: 7pt; font-family: &quot;Arial&quot;,&quot;sans-serif&quot;; mso-fareast-font-family: &quot;Times New Roman&quot;; mso-fareast-language: TR\">Ya\u011f\u0131\u015f azl\u0131\u011f\u0131n\u0131n do\u011faya ba\u011fl\u0131 oldu\u011funu ancak bunun olumsuz sonu&ccedil;lar\u0131n\u0131n iyi y&ouml;netilmesi gerekti\u011fini dile getiren Kiraz,&nbsp;G\u0131da, Tar\u0131m ve Hayvanc\u0131l\u0131k Bakanl\u0131\u011f\u0131n\u0131n, &ccedil;ift&ccedil;inin zarar\u0131n\u0131n &ouml;nlenmesi konusunda &ouml;nemli &ccedil;al\u0131\u015fmalara imza att\u0131\u011f\u0131n\u0131,&nbsp;olumsuz olaylar\u0131n tar\u0131m sekt&ouml;r&uuml;nde spek&uuml;lat&ouml;rlerce kullan\u0131ld\u0131\u011f\u0131n\u0131,&nbsp;Bakanl\u0131\u011f\u0131n &ccedil;al\u0131\u015fmalar\u0131n\u0131n da bu a&ccedil;\u0131dan b&uuml;y&uuml;k &ouml;nem ta\u015f\u0131d\u0131\u011f\u0131n\u0131 vurgulad\u0131.<o:p><\/o:p><\/span><\/p>\n<p class=\"MsoNormal\" style=\"vertical-align: baseline; background: white; text-align: justify; margin: 0cm 0cm 12pt; line-height: 16.8pt\"><span style=\"font-size: 7pt; font-family: &quot;Arial&quot;,&quot;sans-serif&quot;; mso-fareast-font-family: &quot;Times New Roman&quot;; mso-fareast-language: TR\">T&uuml;rkiye&#8217;de son ya\u011f\u0131\u015flara ra\u011fmen baraj ve g&ouml;letlerin yeteri kadar dolmad\u0131\u011f\u0131n\u0131,&nbsp;taban suyu seviyesinin yetersiz oldu\u011funu ifade eden Kiraz, &ccedil;ift&ccedil;inin sulama y&ouml;netimini iyi yapmas\u0131 gerekti\u011fini aksi halde end&uuml;stri&nbsp;bitkilerinin sulama d&ouml;neminde&nbsp;s\u0131k\u0131nt\u0131 ya\u015fanabilece\u011fini&nbsp;kaydetti.<o:p><\/o:p><\/span><\/p>\n<p class=\"MsoNormal\" style=\"vertical-align: baseline; background: white; text-align: justify; margin: 0cm 0cm 0pt; line-height: 16.8pt\"><strong><span style=\"font-size: 7pt; font-family: &quot;inherit&quot;,&quot;serif&quot;; mso-fareast-font-family: &quot;Times New Roman&quot;; mso-bidi-font-family: Arial; mso-fareast-language: TR; mso-bidi-font-size: 11.0pt\">&quot;F\u0131nd\u0131k fiyatlar\u0131 bu y\u0131l &ccedil;ok y&uuml;ksek olacak&quot;<\/span><\/strong><span style=\"font-size: 7pt; font-family: &quot;Arial&quot;,&quot;sans-serif&quot;; mso-fareast-font-family: &quot;Times New Roman&quot;; mso-fareast-language: TR\"><o:p><\/o:p><\/span><\/p>\n<p class=\"MsoNormal\" style=\"vertical-align: baseline; background: white; text-align: justify; margin: 0cm 0cm 12pt; line-height: 16.8pt\"><span style=\"font-size: 7pt; font-family: &quot;Arial&quot;,&quot;sans-serif&quot;; mso-fareast-font-family: &quot;Times New Roman&quot;; mso-fareast-language: TR\">Mart ay\u0131ndaki don nedeniyle f\u0131nd\u0131k ve kay\u0131s\u0131da b&uuml;y&uuml;k zarar&nbsp;olu\u015ftu\u011funu an\u0131msatan Kiraz, &ccedil;i&ccedil;ek a&ccedil;m\u0131\u015f a\u011fa&ccedil;lara zarar veren donun&nbsp;Malatya&#8217;da kay\u0131s\u0131da&nbsp;y&uuml;zde 60-90 rekolte kayb\u0131 yaratmas\u0131n\u0131n beklendi\u011fini bildirdi.<o:p><\/o:p><\/span><\/p>\n<p class=\"MsoNormal\" style=\"vertical-align: baseline; background: white; text-align: justify; margin: 0cm 0cm 12pt; line-height: 16.8pt\"><span style=\"font-size: 7pt; font-family: &quot;Arial&quot;,&quot;sans-serif&quot;; mso-fareast-font-family: &quot;Times New Roman&quot;; mso-fareast-language: TR\">Don nedeniyle zarar g&ouml;ren f\u0131nd\u0131kta, sadece Ordu&#8217;daki zarar\u0131n, 140 bin ton olmas\u0131n\u0131n &ouml;ng&ouml;r&uuml;ld&uuml;\u011f&uuml;n&uuml; belirten Kiraz, olumsuz etkilenen s&uuml;rg&uuml;nlerdeki &uuml;r&uuml;nlerin&nbsp;iki y\u0131l daha zarar g&ouml;r&uuml;lece\u011fini ifade etti.<o:p><\/o:p><\/span><\/p>\n<p class=\"MsoNormal\" style=\"vertical-align: baseline; background: white; text-align: justify; margin: 0cm 0cm 12pt; line-height: 16.8pt\"><span style=\"font-size: 7pt; font-family: &quot;Arial&quot;,&quot;sans-serif&quot;; mso-fareast-font-family: &quot;Times New Roman&quot;; mso-fareast-language: TR\">Kiraz, &quot;F\u0131nd\u0131ktaki zarar\u0131n&nbsp;parasal de\u011ferinin&nbsp;y&uuml;z milyonlarca&nbsp;dolar\u0131 bulaca\u011f\u0131n\u0131&nbsp;&ouml;ng&ouml;r&uuml;yoruz. D&uuml;nyada f\u0131nd\u0131\u011f\u0131n y&uuml;zde 70&#8217;ini T&uuml;rkiye &uuml;retiyor. F\u0131nd\u0131k fiyatlar\u0131 bu y\u0131l &ccedil;ok y&uuml;kselecek&quot; diye konu\u015ftu.<o:p><\/o:p><\/span><\/p>\n","protected":false},"excerpt":{"rendered":"<p>TZYMB Genel Ba\u015fkan\u0131 Fehmi K\u0130RAZ, Anadolu Ajans\u0131na verdi\u011fi m\u00fclakatta, ge\u00e7 gelen ya\u011f\u0131\u015flar\u0131n umut olmaya ba\u015flad\u0131\u011f\u0131n\u0131 s\u00f6yledi.<\/p>\n","protected":false},"author":1,"featured_media":0,"comment_status":"closed","ping_status":"closed","sticky":false,"template":"","format":"standard","meta":[],"categories":[2],"tags":[],"_links":{"self":[{"href":"http:\/\/www.fehmikiraz.com.tr\/index.php\/wp-json\/wp\/v2\/posts\/10416"}],"collection":[{"href":"http:\/\/www.fehmikiraz.com.tr\/index.php\/wp-json\/wp\/v2\/posts"}],"about":[{"href":"http:\/\/www.fehmikiraz.com.tr\/index.php\/wp-json\/wp\/v2\/types\/post"}],"author":[{"embeddable":true,"href":"http:\/\/www.fehmikiraz.com.tr\/index.php\/wp-json\/wp\/v2\/users\/1"}],"replies":[{"embeddable":true,"href":"http:\/\/www.fehmikiraz.com.tr\/index.php\/wp-json\/wp\/v2\/comments?post=10416"}],"version-history":[{"count":0,"href":"http:\/\/www.fehmikiraz.com.tr\/index.php\/wp-json\/wp\/v2\/posts\/10416\/revisions"}],"wp:attachment":[{"href":"http:\/\/www.fehmikiraz.com.tr\/index.php\/wp-json\/wp\/v2\/media?parent=10416"}],"wp:term":[{"taxonomy":"category","embeddable":true,"href":"http:\/\/www.fehmikiraz.com.tr\/index.php\/wp-json\/wp\/v2\/categories?post=10416"},{"taxonomy":"post_tag","embeddable":true,"href":"http:\/\/www.fehmikiraz.com.tr\/index.php\/wp-json\/wp\/v2\/tags?post=10416"}],"curies":[{"name":"wp","href":"https:\/\/api.w.org\/{rel}","templated":true}]}}