{"id":10412,"date":"2014-04-24T00:00:00","date_gmt":"2014-04-24T00:00:00","guid":{"rendered":"http:\/\/www.muz.com.tr\/blog\/2014\/04\/24\/kurakligin-etkileri-ortaya-cikmaya-basladi\/"},"modified":"2014-04-24T00:00:00","modified_gmt":"2014-04-24T00:00:00","slug":"kurakligin-etkileri-ortaya-cikmaya-basladi","status":"publish","type":"post","link":"http:\/\/www.fehmikiraz.com.tr\/index.php\/2014\/04\/24\/kurakligin-etkileri-ortaya-cikmaya-basladi\/","title":{"rendered":"KURAKLI\u011eIN ETK\u0130LER\u0130 ORTAYA \u00c7IKMAYA BA\u015eLADI"},"content":{"rendered":"<p align=\"justify\">H&uuml;rriyet Gazetesinde ve CNN T&uuml;rk internet sitesi ba\u015fta olmak &uuml;zere bir&ccedil;ok yay\u0131n kurulu\u015funda yer alan kurakl\u0131kla ilgili haber ve Genel Ba\u015fkan\u0131m\u0131z Say\u0131n Fehmi K\u0130RAZ&#8217;\u0131n konuyla ilgili a&ccedil;\u0131klamalar\u0131 haberin i&ccedil;erisinde a\u015fa\u011f\u0131da verilmi\u015ftir.<\/p>\n<p align=\"justify\">Bu uyar\u0131lar\u0131 daha &ouml;nce yapm\u0131\u015f olmam\u0131za ra\u011fmen &uuml;lkemizin bu sorununa &ccedil;&ouml;z&uuml;m bulacak yeterli altyap\u0131 &ccedil;al\u0131\u015fmalar\u0131 halen &ccedil;ok yava\u015ft\u0131r. &Ouml;zellikle tar\u0131msal ama&ccedil;l\u0131 g&ouml;letler konusuna daha fazla &ouml;nem verilmeli ve bu sahalar sigorta gibi i\u015fletilmelidir.<\/p>\n<p class=\"MsoNormal\" style=\"background: white; text-align: justify; margin: 0cm 0cm 18pt; line-height: 18pt; mso-outline-level: 3\"><span style=\"font-size: 12pt; font-family: &quot;Times New Roman&quot;,&quot;serif&quot;; mso-fareast-font-family: &quot;Times New Roman&quot;; mso-fareast-language: TR\">T&uuml;rkiye genelinde ya\u015fanan kurakl\u0131k ve don olaylar\u0131n\u0131n tar\u0131msal &uuml;retim &uuml;zerindeki olumsuz etkisinin artmas\u0131ndan endi\u015fe ediliyor. Hububatta rekolte y&uuml;zde 10-20 oran\u0131nda d&uuml;\u015f&uuml;k bekleniyor. T&uuml;rkiye Ziraat&ccedil;\u0131lar Derne\u011fi&#8217;nin haz\u0131rlad\u0131\u011f\u0131 rapora g&ouml;re ise bu\u011fdayda b&uuml;y&uuml;k bir felaketin e\u015fi\u011finden d&ouml;n&uuml;ld&uuml;. T&uuml;rk Ziraat Y&uuml;ksek M&uuml;hendisleri Birli\u011fi Genel Ba\u015fkan\u0131 Kiraz &quot;Tar\u0131m sekt&ouml;r&uuml;nde ya\u015fananlar sadece k\u0131\u015f mevsiminin kurak ge&ccedil;mesi de\u011fildir. Sulama g&ouml;letleri ve barajlar bo\u015f kald\u0131. Yeterince beslenemedi\u011fi i&ccedil;in yeralt\u0131 sular\u0131 da y&uuml;kselmedi. Bu durum sulanmas\u0131 gereken yazl\u0131k bitkileri olumsuz etkileyecek&quot; dedi.<o:p><\/o:p><\/span><\/p>\n<p class=\"MsoNormal\" style=\"background: white; text-align: justify; margin: 0cm 0cm 18pt; line-height: 18pt; mso-margin-top-alt: auto\"><span style=\"font-size: 12pt; font-family: &quot;Times New Roman&quot;,&quot;serif&quot;; mso-fareast-font-family: &quot;Times New Roman&quot;; mso-fareast-language: TR\">T&uuml;rkiye genelinde ya\u015fanan kurakl\u0131k ve don olaylar\u0131n\u0131n tar\u0131msal &uuml;retim &uuml;zerindeki olumsuz etkisinin artmas\u0131ndan endi\u015fe ediliyor. Ya\u011f\u0131\u015flar\u0131n mevsim normallerinin alt\u0131nda seyretmesi hububat &uuml;retimini, nisan ay\u0131 ba\u015f\u0131nda bir&ccedil;ok b&ouml;lgede ya\u015fanan don olay\u0131 da meyve &uuml;retimini olumsuz etkiledi\u011fi belirtiliyor.<o:p><\/o:p><\/span><\/p>\n<p class=\"MsoNormal\" style=\"background: white; text-align: justify; margin: 0cm 0cm 18pt; line-height: 18pt; mso-margin-top-alt: auto\"><span style=\"font-size: 12pt; font-family: &quot;Times New Roman&quot;,&quot;serif&quot;; mso-fareast-font-family: &quot;Times New Roman&quot;; mso-fareast-language: TR\">Genel M&uuml;d&uuml;rl&uuml;\u011f&uuml; verilerinden derledi\u011fi bilgilere g&ouml;re, T&uuml;rkiye ekim ay\u0131ndan bu yana son y\u0131llar\u0131n en kurak d&ouml;nemini ya\u015f\u0131yor. Tar\u0131m y\u0131l\u0131 6 ayl\u0131k ya\u011f\u0131\u015f raporuna g&ouml;re (1 Ekim 2013 &#8211; 31 Mart 2014) T&uuml;rkiye genelinde ya\u011fan ya\u011fmur, bir &ouml;nceki y\u0131l\u0131n ayn\u0131 d&ouml;nemine g&ouml;re y&uuml;zde 28,1 oran\u0131nda azald\u0131. Bu d&ouml;nemde T&uuml;rkiye&#8217;nin ortalama 508,4 milimetre olan metrekareye d&uuml;\u015fen ya\u011fmur miktar\u0131 yerine sadece 317,9 milimetre ya\u011f\u0131\u015f d&uuml;\u015ft&uuml;.<o:p><\/o:p><\/span><\/p>\n<p class=\"MsoNormal\" style=\"background: white; text-align: justify; margin: 0cm 0cm 18pt; line-height: 18pt; mso-margin-top-alt: auto\"><span style=\"font-size: 12pt; font-family: &quot;Times New Roman&quot;,&quot;serif&quot;; mso-fareast-font-family: &quot;Times New Roman&quot;; mso-fareast-language: TR\">T&uuml;rkiye Ziraat&ccedil;\u0131lar Derne\u011fi&#8217;nin (TZD) haz\u0131rlad\u0131\u011f\u0131 rapora g&ouml;re, kurakl\u0131k ve don olaylar\u0131 nedeniyle pek &ccedil;ok &uuml;r&uuml;nde rekolte kayb\u0131 ya\u015fand\u0131. Kurakl\u0131ktan bu\u011fday, arpa gibi hububat &uuml;r&uuml;nlerinin yan\u0131 s\u0131ra, mercimek, nohut gibi bahar ya\u011fmurlar\u0131na ba\u011f\u0131ml\u0131 olan bakliyat &uuml;r&uuml;nlerinin olumsuz etkilendi. &quot;Bu\u011fdayda b&uuml;y&uuml;k bir felaketin e\u015fi\u011finden d&ouml;n&uuml;ld&uuml;&quot; denilen raporda, hububatta rekoltenin y&uuml;zde 10 ile 20 aras\u0131nda d&uuml;\u015f&uuml;k olmas\u0131n\u0131n beklendi\u011fi ifade edildi.<o:p><\/o:p><\/span><\/p>\n<p class=\"MsoNormal\" style=\"background: white; text-align: justify; margin: 0cm 0cm 18pt; line-height: 18pt; mso-margin-top-alt: auto\"><span style=\"font-size: 12pt; font-family: &quot;Times New Roman&quot;,&quot;serif&quot;; mso-fareast-font-family: &quot;Times New Roman&quot;; mso-fareast-language: TR\">T&uuml;rk Ziraat Y&uuml;ksek M&uuml;hendisleri Birli\u011fi Genel Ba\u015fkan\u0131 Fehmi Kiraz, tar\u0131m sekt&ouml;r&uuml;nde ya\u015fananlar\u0131n sadece mevsimlik kurakl\u0131k olmad\u0131\u011f\u0131n\u0131, yaz &uuml;retimini de etkileyecek bir s&uuml;recin ba\u015flang\u0131c\u0131 oldu\u011funu belirtti. Kurakl\u0131\u011f\u0131n etkilerinin y\u0131l boyunca devam edece\u011fini ifade eden Kiraz, &quot;Tar\u0131m sekt&ouml;r&uuml;nde ya\u015fananlar sadece k\u0131\u015f mevsiminin kurak ge&ccedil;mesi de\u011fildir. Sulama g&ouml;letleri ve barajlar bo\u015f kald\u0131. Yeterince beslenemedi\u011fi i&ccedil;in yeralt\u0131 sular\u0131 da y&uuml;kselmedi. Bu durum sulanmas\u0131 gereken yazl\u0131k bitkileri olumsuz etkileyecek&quot; dedi.<o:p><\/o:p><\/span><\/p>\n<p class=\"MsoNormal\" style=\"background: white; text-align: justify; margin: 0cm 0cm 10pt; line-height: 18pt; mso-margin-top-alt: auto\"><span style=\"font-size: 12pt; font-family: &quot;Times New Roman&quot;,&quot;serif&quot;; mso-fareast-font-family: &quot;Times New Roman&quot;; mso-fareast-language: TR\">OLUMSUZ ETK\u0130 \u0130&Ccedil; ANADOLU&#8217;DA DAHA FAZLA<o:p><\/o:p><\/span><\/p>\n<p class=\"MsoNormal\" style=\"background: white; text-align: justify; margin: 0cm 0cm 10pt; line-height: 18pt; mso-margin-top-alt: auto\"><span style=\"font-size: 12pt; font-family: &quot;Times New Roman&quot;,&quot;serif&quot;; mso-fareast-font-family: &quot;Times New Roman&quot;; mso-fareast-language: TR\">Kurakl\u0131\u011f\u0131n devam etti\u011fini ifade eden Kiraz, &quot;Kurakl\u0131\u011f\u0131n T&uuml;rkiye genelinde hububat &uuml;r&uuml;nlerine olumsuz etkisi y&uuml;zde 20&#8217;nin &uuml;zerinde.olacakt\u0131r. \u0130&ccedil; Anadolu&#8217;da bu oran y&uuml;zde 30-35&#8217;i buluyor. Hububat\u0131n 3&#8217;te 1&#8217;i bu b&ouml;lgede &uuml;retiliyor. Baz\u0131 b&ouml;lgelerde y&uuml;zde 40&#8217;\u0131n &uuml;zerinde rekolte d&uuml;\u015f&uuml;\u015f&uuml; var. &Uuml;lke genelinde &uuml;retilen 18,5 milyon ton bu\u011fday\u0131n 6,5 milyon tonu bu b&ouml;lgede &uuml;retiliyor. Sadece \u0130&ccedil; Anadolu&#8217;da 2 milyon ton d&uuml;\u015f&uuml;k rekolte bekleniyor. Di\u011fer b&ouml;lgelerle birlikte bu y\u0131l T&uuml;rkiye bu\u011fday rekoltesinin 16 milyon tonun alt\u0131na d&uuml;\u015fmesi bekleniyor&quot; diye konu\u015ftu.<o:p><\/o:p><\/span><\/p>\n<p class=\"MsoNormal\" style=\"background: white; text-align: justify; margin: 0cm 0cm 10pt; line-height: 18pt; mso-margin-top-alt: auto\"><span style=\"font-size: 12pt; font-family: &quot;Times New Roman&quot;,&quot;serif&quot;; mso-fareast-font-family: &quot;Times New Roman&quot;; mso-fareast-language: TR\">Fehmi Kiraz, bundan sonra ya\u011facak ya\u011fmurlar\u0131n bu\u011fday ve arpa gibi hububat &uuml;retimine olumlu etkisinin olmayaca\u011f\u0131n\u0131, sadece daha fazla kayb\u0131 &ouml;nleyece\u011fini ifade etti. Mercimek, nohut gibi bahar ya\u011fmurlar\u0131na ba\u011fl\u0131 olan bakliyat &uuml;r&uuml;nlerinde de ciddi bir verim kayb\u0131n\u0131n ya\u015fand\u0131\u011f\u0131n\u0131 anlatan Kiraz, \u015funlar\u0131 s&ouml;yledi:<o:p><\/o:p><\/span><\/p>\n<p class=\"MsoNormal\" style=\"background: white; text-align: justify; margin: 0cm 0cm 10pt; line-height: 18pt; mso-margin-top-alt: auto\"><span style=\"font-size: 12pt; font-family: &quot;Times New Roman&quot;,&quot;serif&quot;; mso-fareast-font-family: &quot;Times New Roman&quot;; mso-fareast-language: TR\">&quot;Tarla bitkilerinin yo\u011fun olarak ekildi\u011fi b&ouml;lgelerde b&uuml;y&uuml;k s\u0131k\u0131nt\u0131 bekleniyor. Yazl\u0131k bitkiler sulanmazsa b&uuml;y&uuml;k s\u0131k\u0131nt\u0131 olacak. Sulama g&ouml;letleri ve barajlarda yeterince bu olmad\u0131\u011f\u0131n\u0131 yetkililer ifade ediyor. Konya ovas\u0131 yeralt\u0131 suyu ile sulan\u0131yor. Bu b&ouml;lgede yeralt\u0131 sular\u0131 k\u0131\u015f mevsiminde beslenemedi\u011fi i&ccedil;in yetersiz kalacak. Sulanamayan t&uuml;m &uuml;r&uuml;nlerde b&uuml;y&uuml;k s\u0131k\u0131nt\u0131 olmas\u0131ndan endi\u015fe ediyoruz.&quot;<o:p><\/o:p><\/span><\/p>\n<p class=\"MsoNormal\" style=\"background: white; text-align: justify; margin: 0cm 0cm 10pt; line-height: 18pt; mso-margin-top-alt: auto\"><span style=\"font-size: 12pt; font-family: &quot;Times New Roman&quot;,&quot;serif&quot;; mso-fareast-font-family: &quot;Times New Roman&quot;; mso-fareast-language: TR\">Mart ay\u0131 sonunda ya\u015fanan don olay\u0131n\u0131n meyve &uuml;retimini ciddi oranda etkiledi\u011fini dile getiren Kiraz, f\u0131nd\u0131k, kays\u0131, kiraz, elma, erik, bademin en fazla etkilenen meyve &uuml;r&uuml;nleri oldu\u011funu s&ouml;yledi. Kiraz, baz\u0131 meyve t&uuml;rlerinde y&uuml;zde 50 ile 80 aras\u0131nda kay\u0131p g&ouml;r&uuml;ld&uuml;\u011f&uuml;n&uuml; kaydetti.<o:p><\/o:p><\/span><\/p>\n<p>&nbsp;<\/p>\n","protected":false},"excerpt":{"rendered":"<p>\u00dclkemizde k\u0131\u015f aylar\u0131ndaki ya\u011f\u0131\u015f miktar\u0131n\u0131n azl\u0131\u011f\u0131 nedeniyle endi\u015felerimiz, ilkbahar ya\u011f\u0131\u015flar\u0131n\u0131n da yetersizli\u011fiyle iyice artt\u0131. Konuyla ilgili olarak Genel Ba\u015fkan Fehmi Kiraz&#8217;\u0131n a\u00e7\u0131klamalar\u0131n\u0131n da bulundu\u011fu haber ektedir.<\/p>\n","protected":false},"author":1,"featured_media":0,"comment_status":"closed","ping_status":"closed","sticky":false,"template":"","format":"standard","meta":[],"categories":[2],"tags":[],"_links":{"self":[{"href":"http:\/\/www.fehmikiraz.com.tr\/index.php\/wp-json\/wp\/v2\/posts\/10412"}],"collection":[{"href":"http:\/\/www.fehmikiraz.com.tr\/index.php\/wp-json\/wp\/v2\/posts"}],"about":[{"href":"http:\/\/www.fehmikiraz.com.tr\/index.php\/wp-json\/wp\/v2\/types\/post"}],"author":[{"embeddable":true,"href":"http:\/\/www.fehmikiraz.com.tr\/index.php\/wp-json\/wp\/v2\/users\/1"}],"replies":[{"embeddable":true,"href":"http:\/\/www.fehmikiraz.com.tr\/index.php\/wp-json\/wp\/v2\/comments?post=10412"}],"version-history":[{"count":0,"href":"http:\/\/www.fehmikiraz.com.tr\/index.php\/wp-json\/wp\/v2\/posts\/10412\/revisions"}],"wp:attachment":[{"href":"http:\/\/www.fehmikiraz.com.tr\/index.php\/wp-json\/wp\/v2\/media?parent=10412"}],"wp:term":[{"taxonomy":"category","embeddable":true,"href":"http:\/\/www.fehmikiraz.com.tr\/index.php\/wp-json\/wp\/v2\/categories?post=10412"},{"taxonomy":"post_tag","embeddable":true,"href":"http:\/\/www.fehmikiraz.com.tr\/index.php\/wp-json\/wp\/v2\/tags?post=10412"}],"curies":[{"name":"wp","href":"https:\/\/api.w.org\/{rel}","templated":true}]}}