{"id":10411,"date":"2014-04-22T00:00:00","date_gmt":"2014-04-22T00:00:00","guid":{"rendered":"http:\/\/www.muz.com.tr\/blog\/2014\/04\/22\/23-nisan-tum-cocuklarimiza-kutlu-olsun\/"},"modified":"2014-04-22T00:00:00","modified_gmt":"2014-04-22T00:00:00","slug":"23-nisan-tum-cocuklarimiza-kutlu-olsun","status":"publish","type":"post","link":"http:\/\/www.fehmikiraz.com.tr\/index.php\/2014\/04\/22\/23-nisan-tum-cocuklarimiza-kutlu-olsun\/","title":{"rendered":"23 N\u0130SAN T\u00dcM \u00c7OCUKLARIMIZA KUTLU OLSUN"},"content":{"rendered":"<p align=\"justify\">&nbsp;<\/p>\n<p align=\"justify\">&nbsp;<\/p>\n<p align=\"justify\">&nbsp;<\/p>\n<p align=\"justify\">Yar\u0131nlar\u0131m\u0131z\u0131n teminat\u0131 olan &ccedil;ocuklar\u0131m\u0131z\u0131n Ulusal egemenlik ve &Ccedil;ocuk Bayramlar\u0131n\u0131 kutluyoruz. Bu vesileyle &ccedil;ocuklar\u0131m\u0131za B&uuml;y&uuml;k T&uuml;rk Milletinin mensubu olmalar\u0131 \u015fuuru ve &ouml;zg&uuml;veni verilerek yeti\u015ftirilmesi, at s\u0131rt\u0131nda binlerce kilometre uzaklara gidip fetihler yapan milletin evlatlar\u0131 olmalar\u0131 hat\u0131rlat\u0131larak kendilerine g&uuml;venmeleri sa\u011flanmal\u0131d\u0131r. B&ouml;ylelikle t&uuml;m d&uuml;nyada her alanda rekabet edebilen gen&ccedil;ler olarak yeti\u015fmelerini sa\u011flamam\u0131z b&uuml;y&uuml;k &ouml;nem ta\u015f\u0131maktad\u0131r.<\/p>\n<p align=\"justify\">Kendilerini iyi yeti\u015ftirdikten sonra gerek spor alan\u0131nda gerek sanatta ve gerekse bilimde d&uuml;nyan\u0131n en &ouml;nemli ki\u015fileri olabilece\u011fi duygusunun &ccedil;ocuklar\u0131m\u0131za a\u015f\u0131lanmas\u0131, ufuklar\u0131n\u0131 daraltacak, &ouml;zg&uuml;venlerini kaybetmelerine neden olabilecek komplo teorilerinden uzak tutmak ailelerin &ouml;nemli g&ouml;revlerindendir.<\/p>\n<p align=\"justify\">Bug&uuml;n &uuml;lkemizde 23 milyona yak\u0131n &ccedil;ocu\u011fumuz bulunmaktad\u0131r. T&uuml;m d&uuml;nyadaki &ccedil;ocuklar d&uuml;\u015f&uuml;n&uuml;ld&uuml;\u011f&uuml;nde bu rakam 100 milyonun &uuml;zerine &ccedil;\u0131kmaktad\u0131r. Bu kadar potansiyeli olan bir toplumun tekrar d&uuml;nyada &ouml;nemli noktalara gelmesi ka&ccedil;\u0131n\u0131lmaz bir durumdur. Bu vesileyle tekrar ba\u015fta T&uuml;rk Milletinin &ccedil;ocuklar\u0131 olmak &uuml;zere t&uuml;m d&uuml;nya &ccedil;ocuklar\u0131n\u0131n bayramlar\u0131n kutluyoruz.&nbsp;<\/p>\n","protected":false},"excerpt":{"rendered":"<p>Atat\u00fcrk&#8217;\u00fcn t\u00fcm \u00e7ocuklar\u0131m\u0131za arma\u011fan etti\u011fi ve d\u00fcnyada tek \u00e7ocuk bayram\u0131 olan Ulusal Egemenlik ve \u00c7ocuk Bayram\u0131 T\u00fcrk Milletinin \u00e7ocuklar\u0131na ba\u015fta olmak \u00fczere t\u00fcm \u00e7ocuklara kutlu olsun.<\/p>\n","protected":false},"author":1,"featured_media":0,"comment_status":"closed","ping_status":"closed","sticky":false,"template":"","format":"standard","meta":[],"categories":[2],"tags":[],"_links":{"self":[{"href":"http:\/\/www.fehmikiraz.com.tr\/index.php\/wp-json\/wp\/v2\/posts\/10411"}],"collection":[{"href":"http:\/\/www.fehmikiraz.com.tr\/index.php\/wp-json\/wp\/v2\/posts"}],"about":[{"href":"http:\/\/www.fehmikiraz.com.tr\/index.php\/wp-json\/wp\/v2\/types\/post"}],"author":[{"embeddable":true,"href":"http:\/\/www.fehmikiraz.com.tr\/index.php\/wp-json\/wp\/v2\/users\/1"}],"replies":[{"embeddable":true,"href":"http:\/\/www.fehmikiraz.com.tr\/index.php\/wp-json\/wp\/v2\/comments?post=10411"}],"version-history":[{"count":0,"href":"http:\/\/www.fehmikiraz.com.tr\/index.php\/wp-json\/wp\/v2\/posts\/10411\/revisions"}],"wp:attachment":[{"href":"http:\/\/www.fehmikiraz.com.tr\/index.php\/wp-json\/wp\/v2\/media?parent=10411"}],"wp:term":[{"taxonomy":"category","embeddable":true,"href":"http:\/\/www.fehmikiraz.com.tr\/index.php\/wp-json\/wp\/v2\/categories?post=10411"},{"taxonomy":"post_tag","embeddable":true,"href":"http:\/\/www.fehmikiraz.com.tr\/index.php\/wp-json\/wp\/v2\/tags?post=10411"}],"curies":[{"name":"wp","href":"https:\/\/api.w.org\/{rel}","templated":true}]}}