{"id":10409,"date":"2014-04-14T00:00:00","date_gmt":"2014-04-14T00:00:00","guid":{"rendered":"http:\/\/www.muz.com.tr\/blog\/2014\/04\/14\/sehitlerimiz-dualarla-anildi\/"},"modified":"2014-04-14T00:00:00","modified_gmt":"2014-04-14T00:00:00","slug":"sehitlerimiz-dualarla-anildi","status":"publish","type":"post","link":"http:\/\/www.fehmikiraz.com.tr\/index.php\/2014\/04\/14\/sehitlerimiz-dualarla-anildi\/","title":{"rendered":"\u015eEH\u0130TLER\u0130M\u0130Z DUALARLA ANILDI"},"content":{"rendered":"<p align=\"justify\">1980&#8217;li y\u0131llar\u0131n kar\u0131\u015f\u0131k d&ouml;nemlerinde &uuml;lk&uuml;s&uuml; u\u011fruna m&uuml;cadele veren ve bu u\u011furda \u015fehit olan meslekta\u015flar\u0131m\u0131zdan Mehmet \u015eENOL ve di\u011fer &uuml;lk&uuml;c&uuml; \u015fehitlerimiz, G&uuml;m&uuml;\u015fdere Camisinde okutulan mevl&uuml;t ve dualarla an\u0131ld\u0131.<\/p>\n<p align=\"justify\">&Uuml;lkemizin bu seviyelere gelmesinde &ouml;nemli katk\u0131lar\u0131 oldu\u011funu d&uuml;\u015f&uuml;nd&uuml;\u011f&uuml;m&uuml;z bu de\u011ferli g&ouml;n&uuml;l erlerine tekrar Allah&#8217;tan rahmet diliyor, geride kalanlar\u0131na sab\u0131rlar ihsan etmesini Cenab\u0131 Allah&#8217;tan&nbsp;niyaz ediyoruz.<\/p>\n<p align=\"justify\">Bu m&uuml;cadeleler ve \u015fehadetlerle olu\u015fan iklimde ye\u015feren g&uuml;n&uuml;m&uuml;z siyasi d&uuml;\u015f&uuml;ncesinin bu \u015fehadetleri unutmamas\u0131n\u0131 temenni ediyoruz.<\/p>\n<p align=\"justify\">Verilen m&uuml;cadeleler olmasayd\u0131 ve bu Mehmetler \u015fehit olmasayd\u0131, g&uuml;n&uuml;m&uuml;zde vatan kurtard\u0131\u011f\u0131n\u0131, dinimizin bezirganl\u0131\u011f\u0131n\u0131 yapmaya &ccedil;al\u0131\u015fanlar&nbsp;herhalde daha az olurdu.<\/p>\n<p align=\"justify\">&nbsp;<\/p>\n<table style=\"height: 287px; width: 336px\">\n<tbody>\n<tr>\n<td style=\"height: 194px; background: url(https:\/\/www.gstatic.com\/pwa\/s\/v\/lighthousefe_224.04\/transparent_album_background.gif) no-repeat left 50%\" align=\"center\"><a href=\"https:\/\/picasaweb.google.com\/108505285834291794654\/2014MevlutGumusdereCamisi?authuser=0&amp;feat=embedwebsite\"><img loading=\"lazy\" style=\"height: 262px; width: 275px; margin: 1px 0px 0px 4px\" alt=\"\" width=\"160\" height=\"160\" src=\"https:\/\/lh3.googleusercontent.com\/-OS6QutrIU6Q\/U0xCgUzyaYE\/AAAAAAAAGwU\/1JkVh7PbUKI\/s160-c\/2014MevlutGumusdereCamisi.jpg\" \/><\/a><\/td>\n<\/tr>\n<tr>\n<td style=\"font-size: 11px; font-family: arial,sans-serif; text-align: center\"><a style=\"text-decoration: none; font-weight: bold; color: #4d4d4d\" href=\"https:\/\/picasaweb.google.com\/108505285834291794654\/2014MevlutGumusdereCamisi?authuser=0&amp;feat=embedwebsite\">2014 Mevl&uuml;t G&uuml;m&uuml;\u015fdere Camisi<\/a><\/td>\n<\/tr>\n<\/tbody>\n<\/table>\n","protected":false},"excerpt":{"rendered":"<p>1980&#8217;li y\u0131llarda \u00fclk\u00fcs\u00fc u\u011fruna \u015fehit olan vatanseverler dualarla an\u0131ld\u0131.<\/p>\n","protected":false},"author":1,"featured_media":0,"comment_status":"closed","ping_status":"closed","sticky":false,"template":"","format":"standard","meta":[],"categories":[2],"tags":[],"_links":{"self":[{"href":"http:\/\/www.fehmikiraz.com.tr\/index.php\/wp-json\/wp\/v2\/posts\/10409"}],"collection":[{"href":"http:\/\/www.fehmikiraz.com.tr\/index.php\/wp-json\/wp\/v2\/posts"}],"about":[{"href":"http:\/\/www.fehmikiraz.com.tr\/index.php\/wp-json\/wp\/v2\/types\/post"}],"author":[{"embeddable":true,"href":"http:\/\/www.fehmikiraz.com.tr\/index.php\/wp-json\/wp\/v2\/users\/1"}],"replies":[{"embeddable":true,"href":"http:\/\/www.fehmikiraz.com.tr\/index.php\/wp-json\/wp\/v2\/comments?post=10409"}],"version-history":[{"count":0,"href":"http:\/\/www.fehmikiraz.com.tr\/index.php\/wp-json\/wp\/v2\/posts\/10409\/revisions"}],"wp:attachment":[{"href":"http:\/\/www.fehmikiraz.com.tr\/index.php\/wp-json\/wp\/v2\/media?parent=10409"}],"wp:term":[{"taxonomy":"category","embeddable":true,"href":"http:\/\/www.fehmikiraz.com.tr\/index.php\/wp-json\/wp\/v2\/categories?post=10409"},{"taxonomy":"post_tag","embeddable":true,"href":"http:\/\/www.fehmikiraz.com.tr\/index.php\/wp-json\/wp\/v2\/tags?post=10409"}],"curies":[{"name":"wp","href":"https:\/\/api.w.org\/{rel}","templated":true}]}}