{"id":10407,"date":"2014-03-22T00:00:00","date_gmt":"2014-03-22T00:00:00","guid":{"rendered":"http:\/\/www.muz.com.tr\/blog\/2014\/03\/22\/sehidimiz-suleyman-ozmen-dualarla-anildi\/"},"modified":"2014-03-22T00:00:00","modified_gmt":"2014-03-22T00:00:00","slug":"sehidimiz-suleyman-ozmen-dualarla-anildi","status":"publish","type":"post","link":"http:\/\/www.fehmikiraz.com.tr\/index.php\/2014\/03\/22\/sehidimiz-suleyman-ozmen-dualarla-anildi\/","title":{"rendered":"\u015eEH\u0130D\u0130M\u0130Z S\u00dcLEYMAN \u00d6ZMEN DUALARLA ANILDI"},"content":{"rendered":"<p><!-- Place this tag in your head or just before your close body tag. --><br \/>\n<script type=\"text\/javascript\" src=\"https:\/\/apis.google.com\/js\/plusone.js\"><\/script><br \/>\n<!-- Place this tag where you want the widget to render. --><\/p>\n<div class=\"g-post\" data-href=\"https:\/\/plus.google.com\/108505285834291794654\/posts\/hZMAX1RdkjQ\"><\/div>\n<p><!-- Place this tag in your head or just before your close body tag. --><script type=\"text\/javascript\" src=\"https:\/\/apis.google.com\/js\/plusone.js\"><\/script><!-- Place this tag where you want the widget to render. --><\/p>\n<div class=\"g-post\" data-href=\"https:\/\/plus.google.com\/108505285834291794654\/posts\/ZXBMqbKvnPX\">&nbsp;<\/div>\n<p>&nbsp;<\/p>\n<p>21 Mart 1970 tarihinde Ankara &Uuml;niversitesi Ziraat Fak&uuml;ltesi &ouml;\u011frencisi iken \u015fehit edilen&nbsp;S&uuml;leyman &Ouml;zmen T&uuml;rk Ziraat Y&uuml;ksek M&uuml;hendisleri Birli\u011fi ve Vakf\u0131nda dualarla an\u0131ld\u0131.<\/p>\n<p>Ya\u015fam\u0131n\u0131 yitirdi\u011finde 22 ya\u015f\u0131nda olan \u015fehidimizin mezar\u0131&nbsp;\u0130stanbul Ey&uuml;p Mezarl\u0131\u011f\u0131ndad\u0131r. \u015eehidimize tekrar Allah&#8217;tan rahmet ve geride kalanlar\u0131na sab\u0131r diliyoruz.<\/p>\n<p>TZYMB toplant\u0131 salonunda yap\u0131lan&nbsp;t&ouml;rende &uuml;yelerimizin yo\u011fun kat\u0131l\u0131m\u0131 olmu\u015ftur.&nbsp;Anma t&ouml;reninde \u015fehidimiz dualarla yad edilmi\u015ftir.&nbsp;&nbsp;<\/p>\n<p>&nbsp;<\/p>\n<p>&nbsp;<\/p>\n","protected":false},"excerpt":{"rendered":"<p>Ankara \u00dcniversitesi Ziraat Fak\u00fcltesi \u00f6\u011frencisiyken 1970 y\u0131l\u0131nda \u015fehit edilen \u00dclk\u00fcc\u00fc \u015eehidimiz S\u00fcleyman \u00d6ZMEN dualarla an\u0131ld\u0131.<\/p>\n","protected":false},"author":1,"featured_media":0,"comment_status":"closed","ping_status":"closed","sticky":false,"template":"","format":"standard","meta":[],"categories":[2],"tags":[],"_links":{"self":[{"href":"http:\/\/www.fehmikiraz.com.tr\/index.php\/wp-json\/wp\/v2\/posts\/10407"}],"collection":[{"href":"http:\/\/www.fehmikiraz.com.tr\/index.php\/wp-json\/wp\/v2\/posts"}],"about":[{"href":"http:\/\/www.fehmikiraz.com.tr\/index.php\/wp-json\/wp\/v2\/types\/post"}],"author":[{"embeddable":true,"href":"http:\/\/www.fehmikiraz.com.tr\/index.php\/wp-json\/wp\/v2\/users\/1"}],"replies":[{"embeddable":true,"href":"http:\/\/www.fehmikiraz.com.tr\/index.php\/wp-json\/wp\/v2\/comments?post=10407"}],"version-history":[{"count":0,"href":"http:\/\/www.fehmikiraz.com.tr\/index.php\/wp-json\/wp\/v2\/posts\/10407\/revisions"}],"wp:attachment":[{"href":"http:\/\/www.fehmikiraz.com.tr\/index.php\/wp-json\/wp\/v2\/media?parent=10407"}],"wp:term":[{"taxonomy":"category","embeddable":true,"href":"http:\/\/www.fehmikiraz.com.tr\/index.php\/wp-json\/wp\/v2\/categories?post=10407"},{"taxonomy":"post_tag","embeddable":true,"href":"http:\/\/www.fehmikiraz.com.tr\/index.php\/wp-json\/wp\/v2\/tags?post=10407"}],"curies":[{"name":"wp","href":"https:\/\/api.w.org\/{rel}","templated":true}]}}