{"id":10400,"date":"2014-02-11T00:00:00","date_gmt":"2014-02-11T00:00:00","guid":{"rendered":"http:\/\/www.muz.com.tr\/blog\/2014\/02\/11\/turk-ziraat-yuksek-muhendisleri-birligi-adana-subesi-9-olagan-genel-kurul-toplantisi\/"},"modified":"2014-02-11T00:00:00","modified_gmt":"2014-02-11T00:00:00","slug":"turk-ziraat-yuksek-muhendisleri-birligi-adana-subesi-9-olagan-genel-kurul-toplantisi","status":"publish","type":"post","link":"http:\/\/www.fehmikiraz.com.tr\/index.php\/2014\/02\/11\/turk-ziraat-yuksek-muhendisleri-birligi-adana-subesi-9-olagan-genel-kurul-toplantisi\/","title":{"rendered":"T\u00dcRK Z\u0130RAAT Y\u00dcKSEK M\u00dcHEND\u0130SLER\u0130 B\u0130RL\u0130\u011e\u0130 ADANA \u015eUBES\u0130 9. OLA\u011eAN GENEL  KURUL TOPLANTISI"},"content":{"rendered":"<p>-GENEL KURUL \u0130LANI-<br \/>\n                   T\u00dcRK Z\u0130RAAT Y\u00dcKSEK M\u00dcHEND\u0130SLER\u0130 B\u0130RL\u0130\u011e\u0130<br \/>\n                                ADANA \u015eUBES\u0130<br \/>\nT\u00fcrk Ziraat Y\u00fcksek M\u00fchendisleri Birli\u011fi Adana \u015eubesinin \u20189. Ola\u011fan Genel Kurul Toplant\u0131s\u0131\u2019 a\u015fa\u011f\u0131daki g\u00fcndemi g\u00f6r\u00fc\u015fmek \u00fczere 1 Mart  2014 Cumartesi g\u00fcn\u00fc saat 14:00 de TZYMB toplant\u0131 salonunda (Toros Mahallesi 1 Sokak \u015eayan Sitesi  No:114 Zemin Kat \u00c7ukurova \/ Adana) yap\u0131lacakt\u0131r. \u00c7o\u011funluk sa\u011flanamad\u0131\u011f\u0131 takdirde, toplant\u0131 ayn\u0131 yer ve ayn\u0131 saatte 8 Mart 2014 Cumartesi g\u00fcn\u00fc yap\u0131lacakt\u0131r.<br \/>\n\t\u00dcyelerimize kat\u0131lmalar\u0131 ricas\u0131yla duyurulur. 11.02.2014<br \/>\n\t\t\t\t\t\t\t\t                                Celal KARA<br \/>\nTZYMB Adana \u015eubesi<br \/>\nY\u00f6netim Kurulu Ba\u015fkan\u0131<br \/>\nG\u00dcNDEM<br \/>\n1.\tYoklama, a\u00e7\u0131l\u0131\u015f ve divan te\u015fekk\u00fcl\u00fc<br \/>\n2.\tY\u00f6netim Kurulu Faaliyet Raporunun okunmas\u0131 ve ibras\u0131<br \/>\n3.\tDenetim Kurulu Raporunun okunmas\u0131 ve ibras\u0131<br \/>\n4.\tBilan\u00e7onun g\u00f6r\u00fc\u015f\u00fclmesi ve ibras\u0131<br \/>\n5.\tY\u00f6netim ve Denetim Kurullar\u0131n\u0131n se\u00e7imi<br \/>\n6.\tTahmini b\u00fct\u00e7e ve onay\u0131<br \/>\n7.\tDilek ve temenniler<\/p>\n","protected":false},"excerpt":{"rendered":"<p>-GENEL KURUL \u0130LANI- T\u00dcRK Z\u0130RAAT Y\u00dcKSEK M\u00dcHEND\u0130SLER\u0130 B\u0130RL\u0130\u011e\u0130 ADANA \u015eUBES\u0130 T\u00fcrk Ziraat Y\u00fcksek M\u00fchendisleri Birli\u011fi Adana \u015eubesinin \u20189. Ola\u011fan Genel Kurul Toplant\u0131s\u0131\u2019 a\u015fa\u011f\u0131daki g\u00fcndemi g\u00f6r\u00fc\u015fmek \u00fczere 1 Mart 2014 Cumartesi g\u00fcn\u00fc saat 14:00 de TZYMB toplant\u0131 salonunda (Toros Mahallesi 1 Sokak \u015eayan Sitesi No:114 Zemin Kat \u00c7ukurova \/ Adana) yap\u0131lacakt\u0131r. \u00c7o\u011funluk sa\u011flanamad\u0131\u011f\u0131 takdirde, toplant\u0131 ayn\u0131 [&hellip;]<\/p>\n","protected":false},"author":1,"featured_media":0,"comment_status":"closed","ping_status":"closed","sticky":false,"template":"","format":"standard","meta":[],"categories":[2],"tags":[],"_links":{"self":[{"href":"http:\/\/www.fehmikiraz.com.tr\/index.php\/wp-json\/wp\/v2\/posts\/10400"}],"collection":[{"href":"http:\/\/www.fehmikiraz.com.tr\/index.php\/wp-json\/wp\/v2\/posts"}],"about":[{"href":"http:\/\/www.fehmikiraz.com.tr\/index.php\/wp-json\/wp\/v2\/types\/post"}],"author":[{"embeddable":true,"href":"http:\/\/www.fehmikiraz.com.tr\/index.php\/wp-json\/wp\/v2\/users\/1"}],"replies":[{"embeddable":true,"href":"http:\/\/www.fehmikiraz.com.tr\/index.php\/wp-json\/wp\/v2\/comments?post=10400"}],"version-history":[{"count":0,"href":"http:\/\/www.fehmikiraz.com.tr\/index.php\/wp-json\/wp\/v2\/posts\/10400\/revisions"}],"wp:attachment":[{"href":"http:\/\/www.fehmikiraz.com.tr\/index.php\/wp-json\/wp\/v2\/media?parent=10400"}],"wp:term":[{"taxonomy":"category","embeddable":true,"href":"http:\/\/www.fehmikiraz.com.tr\/index.php\/wp-json\/wp\/v2\/categories?post=10400"},{"taxonomy":"post_tag","embeddable":true,"href":"http:\/\/www.fehmikiraz.com.tr\/index.php\/wp-json\/wp\/v2\/tags?post=10400"}],"curies":[{"name":"wp","href":"https:\/\/api.w.org\/{rel}","templated":true}]}}