{"id":10398,"date":"2014-02-05T00:00:00","date_gmt":"2014-02-05T00:00:00","guid":{"rendered":"http:\/\/www.muz.com.tr\/blog\/2014\/02\/05\/trabzonda-findik-calistayi-yapildi\/"},"modified":"2014-02-05T00:00:00","modified_gmt":"2014-02-05T00:00:00","slug":"trabzonda-findik-calistayi-yapildi","status":"publish","type":"post","link":"http:\/\/www.fehmikiraz.com.tr\/index.php\/2014\/02\/05\/trabzonda-findik-calistayi-yapildi\/","title":{"rendered":"TRABZON&#8217;DA FINDIK \u00c7ALI\u015eTAYI YAPILDI"},"content":{"rendered":"<div style=\"background: white; text-align: justify; margin: 0cm 0cm 0pt 2.85pt; text-justify: inter-ideograph; line-height: 115%\">\n<p>&nbsp;<\/p>\n<p>&nbsp;<\/p>\n<p>&nbsp;<\/p>\n<\/div>\n<div style=\"background: white; text-align: justify; margin: 0cm 0cm 0pt 2.85pt; text-justify: inter-ideograph; line-height: 115%\">&nbsp;<\/div>\n<div style=\"background: white; text-align: justify; margin: 0cm 0cm 0pt 2.85pt; text-justify: inter-ideograph; line-height: 115%\">&nbsp;<\/div>\n<div style=\"background: white; text-align: justify; margin: 0cm 0cm 0pt 2.85pt; text-justify: inter-ideograph; line-height: 115%\"><span style=\"font-size: 11pt; line-height: 115%\">Trabzon ilinde 18-19 Aral\u0131k 2013 tarihlerinde d&uuml;zenlenmi\u015f olan F\u0131nd\u0131k &Ccedil;al\u0131\u015ftay&rsquo;\u0131nda, &ldquo;F\u0131nd\u0131k Yeti\u015ftiricili\u011fi ve K&uuml;lt&uuml;rel Uygulamalar, &Uuml;retim ve Destekleme Politikalar\u0131 ve &Uuml;r&uuml;n \u0130\u015fleme, De\u011ferlendirme ve D\u0131\u015f Ticaret&rdquo; konular\u0131nda &Ccedil;al\u0131\u015fma Gruplar\u0131 olu\u015fturulmu\u015ftur.<\/span><\/div>\n<div style=\"background: white; text-align: justify; margin: 0cm 0cm 0pt 2.85pt; text-justify: inter-ideograph; line-height: 115%\">&nbsp;<\/div>\n<div style=\"background: white; text-align: justify; margin: 0cm 0cm 0pt 2.85pt; text-justify: inter-ideograph; line-height: 115%\"><span style=\"font-size: 11pt; line-height: 115%\">Bu &ccedil;al\u0131\u015fma gruplar\u0131nda; Bakanl\u0131\u011f\u0131m\u0131zdan Bitkisel &Uuml;retim Genel M&uuml;d&uuml;rl&uuml;\u011f&uuml;, Tar\u0131msal Ara\u015ft\u0131rmalar ve Politikalar Genel M&uuml;d&uuml;rl&uuml;\u011f&uuml;, G\u0131da ve Kontrol Genel M&uuml;d&uuml;rl&uuml;\u011f&uuml;, Tar\u0131m Reformu Genel M&uuml;d&uuml;rl&uuml;\u011f&uuml;, Ekonomi Bakanl\u0131\u011f\u0131, Kalk\u0131nma Bakanl\u0131\u011f\u0131, G&uuml;mr&uuml;k ve Ticaret Bakanl\u0131klar\u0131ndan konu uzmanlar\u0131, &Uuml;niversitelerimizin Bah&ccedil;e Bitkileri B&ouml;l&uuml;mlerinden f\u0131nd\u0131k konusunda uzman akademisyenler, Sivil Toplum Kurulu\u015flar\u0131ndan temsilciler ve &uuml;reticiler yer alm\u0131\u015ft\u0131r. Trabzon T&uuml;rk Ziraat Y&uuml;ksek M&uuml;hendisleri Birli\u011fi \u0130l Temsilcisi Osman Nuri BAK\u0130 bu &ccedil;al\u0131\u015ftaya kat\u0131larak g&ouml;r&uuml;\u015f ve &ouml;nerilerde bulunmu\u015ftur. <\/span><\/div>\n<div style=\"background: white; text-align: justify; margin: 0cm 0cm 0pt 2.85pt; text-justify: inter-ideograph; line-height: 115%\">&nbsp;<\/div>\n<div style=\"background: white; text-align: justify; margin: 0cm 0cm 0pt 2.85pt; text-justify: inter-ideograph; line-height: 115%\">\n<p><span style=\"font-size: 11pt; line-height: 115%\">&Ccedil;al\u0131\u015ftay\u0131n D&uuml;nyada lider konumda oldu\u011fumuz f\u0131nd\u0131k konusunda daha ba\u015far\u0131l\u0131 sonu&ccedil;lara ula\u015ft\u0131rmas\u0131n\u0131n sa\u011flanaca\u011f\u0131 d&uuml;\u015f&uuml;n&uuml;lmektedir.<\/span><\/p>\n<p>&nbsp;<\/p>\n<p><span style=\"font-size: 11pt; line-height: 115%\"><img loading=\"lazy\" alt=\"\" width=\"392\" height=\"293\" src=\"\/ortakdosyalar\/image\/Fndk altay Mstear.jpg\" \/><\/span><\/p>\n<p>&nbsp;<\/p>\n<p><span style=\"font-size: 11pt; line-height: 115%\"><img loading=\"lazy\" alt=\"\" width=\"388\" height=\"292\" src=\"\/ortakdosyalar\/image\/Fndk altay 1.jpg\" \/><\/span><\/p>\n<p>&nbsp;<\/p>\n<p><span style=\"font-size: 11pt; line-height: 115%\"><img loading=\"lazy\" alt=\"\" width=\"386\" height=\"316\" src=\"\/ortakdosyalar\/image\/Fndk altay 2.jpg\" \/><\/span><\/p>\n<p><span style=\"font-size: 11pt; line-height: 115%\"><img loading=\"lazy\" style=\"height: 349px; width: 389px\" alt=\"\" width=\"427\" height=\"350\" src=\"\/ortakdosyalar\/image\/Fndk altay 3.jpg\" \/><\/span><\/p>\n<\/div>\n<div style=\"background: white; text-align: justify; margin: 0cm 0cm 0pt 2.85pt; text-justify: inter-ideograph; line-height: 115%\"><strong>&nbsp;<\/strong><\/div>\n<div style=\"background: white; text-align: justify; margin: 0cm 0cm 0pt 2.85pt; text-justify: inter-ideograph; line-height: 115%\"><strong><span style=\"font-size: 11pt; color: #c00000; line-height: 115%\">&Ccedil;ALI\u015eTAYIN SONUCUNDA ORTAYA &Ccedil;IKAN YOL HAR\u0130TASI A\u015eA\u011eIDA &Ouml;ZETLENM\u0130\u015eT\u0130R.<\/span><\/strong><\/div>\n<div style=\"text-align: justify; margin: 0cm 0cm 6pt 14.2pt; text-justify: inter-ideograph; line-height: 115%; text-autospace: ideograph-numeric; text-indent: -14.2pt\"><strong>&nbsp;<\/strong><\/div>\n<div style=\"text-align: justify; margin: 0cm 0cm 6pt; text-justify: inter-ideograph; line-height: 115%; text-autospace: ideograph-numeric\"><strong><span style=\"font-size: 11pt; color: black; line-height: 115%\">1.<\/span><\/strong><span style=\"font-size: 11pt; color: black; line-height: 115%\">Ekonomik Verim &Ouml;mr&uuml;n&uuml; Tamamlam\u0131\u015f F\u0131nd\u0131k Bah&ccedil;elerinde Yenileme Projesi haz\u0131rlanmal\u0131d\u0131r. (Yeni &ccedil;e\u015fit, modern dikim sistemi)<\/span><\/div>\n<div style=\"text-align: justify; margin: 0cm 0cm 6pt; text-justify: inter-ideograph; line-height: 115%; text-autospace: ideograph-numeric\"><strong><span style=\"font-size: 11pt; color: black; line-height: 115%\">2. <\/span><\/strong><span style=\"font-size: 11pt; color: black; line-height: 115%\">Fidan &Uuml;retiminin Desteklenmesi<\/span><\/div>\n<div style=\"text-align: justify; margin: 0cm 0cm 6pt 14.2pt; text-justify: inter-ideograph; line-height: 115%; text-autospace: ideograph-numeric; text-indent: -14.2pt\"><strong><span style=\"font-size: 11pt; color: black; line-height: 115%\">3.<\/span><\/strong><span style=\"font-size: 11pt; color: black; line-height: 115%\">Damla Sulama Sistemlerinin Yayg\u0131nla\u015ft\u0131r\u0131lmas\u0131<\/span><\/div>\n<div style=\"text-align: justify; text-justify: inter-ideograph\"><strong><span style=\"font-size: 11pt; color: black\">4.<\/span><\/strong><span style=\"font-size: 11pt\">F\u0131nd\u0131kta \u0130TU ve Organik Tar\u0131m Uygulamalar\u0131n\u0131n Yayg\u0131nla\u015ft\u0131r\u0131lmas\u0131<\/span><\/div>\n<div style=\"text-align: justify; text-justify: inter-ideograph\"><strong>&nbsp;<\/strong><\/div>\n<div style=\"text-align: justify; text-justify: inter-ideograph\"><strong><span style=\"font-size: 11pt\">5.<\/span><\/strong><span style=\"font-size: 11pt\">2844 say\u0131l\u0131 F\u0131nd\u0131k Dikim Alanlar\u0131n\u0131n Belirlenmesi Kanunu ve \u0130lgili Y&ouml;netmeliklerin uygulanmas\u0131 Konusunda Gerekli Hassasiyet G&ouml;sterilmelidir. <\/span><\/div>\n<div style=\"text-align: justify; text-justify: inter-ideograph\"><strong>&nbsp;<\/strong><\/div>\n<div style=\"text-align: justify; text-justify: inter-ideograph\"><strong><span style=\"font-size: 11pt\">6.<\/span><\/strong><span style=\"font-size: 11pt\">Alan Bazl\u0131 Destekleme &Ouml;demesine 2014 Sonras\u0131nda da Devam Edilmelidir. <\/span><\/div>\n<div style=\"background: white; text-align: justify; margin: 0cm 0cm 10pt 18pt; text-justify: inter-ideograph; line-height: 115%; text-autospace: ideograph-numeric; text-indent: -18pt\"><strong>&nbsp;<\/strong><\/div>\n<div style=\"background: white; text-align: justify; margin: 0cm 0cm 10pt 18pt; text-justify: inter-ideograph; line-height: 115%; text-autospace: ideograph-numeric; text-indent: -18pt\"><strong><span style=\"font-size: 11pt; color: black; line-height: 115%\">7.<\/span><\/strong><span style=\"font-size: 11pt; color: black; line-height: 115%\">Telafi Edici &Ouml;demelerde, Alternatif &Uuml;r&uuml;n Uygulamalar\u0131na Daha Fazla Destek Verilmelidir.<\/span><\/div>\n<div style=\"text-align: justify; margin: 0cm 0cm 10pt 18pt; text-justify: inter-ideograph; line-height: 115%; text-autospace: ideograph-numeric; text-indent: -18pt\"><strong>&nbsp;<\/strong><\/div>\n<div style=\"text-align: justify; margin: auto auto 10pt; text-justify: inter-ideograph; line-height: 115%; text-autospace: ideograph-numeric\"><strong><span style=\"font-size: 11pt; color: black; line-height: 115%\">8.<\/span><\/strong><span style=\"font-size: 11pt; color: black; line-height: 115%\">&Ccedil;ift&ccedil;ilere sa\u011flanan sertifikal\u0131 fidan kullan\u0131m deste\u011findeki 10 da bah&ccedil;e tesisi s\u0131n\u0131r\u0131, f\u0131nd\u0131k bah&ccedil;esi i&ccedil;in 3 dekara d&uuml;\u015f&uuml;r&uuml;lmelidir.<\/span><\/div>\n<div style=\"text-align: justify; margin: 0cm 0cm 10pt 18pt; text-justify: inter-ideograph; line-height: 115%; text-autospace: ideograph-numeric; text-indent: -18pt\"><strong>&nbsp;<\/strong><\/div>\n<div style=\"text-align: justify; margin: 0cm 0cm 10pt 18pt; text-justify: inter-ideograph; line-height: 115%; text-autospace: ideograph-numeric; text-indent: -18pt\"><strong><span style=\"font-size: 11pt; color: black; line-height: 115%\">9. <\/span><\/strong><span style=\"font-size: 11pt; color: black; line-height: 115%\">H<\/span><span style=\"font-size: 11pt; line-height: 115%\">asat, Harman, Depolama vb. Kay\u0131plar\u0131n\u0131n En Aza \u0130ndirilmesi Gereklidir. <\/span><\/div>\n<div style=\"text-align: justify; text-justify: inter-ideograph; text-autospace: ideograph-numeric\"><strong>&nbsp;<\/strong><\/div>\n<div style=\"text-align: justify; text-justify: inter-ideograph; text-autospace: ideograph-numeric\"><strong><span style=\"font-size: 11pt; color: black\">10.<\/span><\/strong><span style=\"font-size: 11pt; color: black\">F\u0131nd\u0131kta Lisansl\u0131 Depoculu\u011fu Geli\u015ftirmek \u0130&ccedil;in Sistemin Desteklenerek &Uuml;reticinin Y&ouml;nlendirilmesi Gerekmektedir. <\/span><\/div>\n<div style=\"text-align: justify; margin: 0cm 0cm 6pt 21.3pt; text-justify: inter-ideograph; line-height: 16pt; text-autospace: ideograph-numeric; text-indent: -21.3pt\"><strong>&nbsp;<\/strong><\/div>\n<div style=\"text-align: justify; margin: 0cm 0cm 6pt; text-justify: inter-ideograph; line-height: 16pt; text-autospace: ideograph-numeric\"><strong><span style=\"font-size: 11pt; color: black\">11. <\/span><\/strong><span style=\"font-size: 11pt; color: black\">K\u0131rsal Kalk\u0131nma Yat\u0131r\u0131mlar\u0131n\u0131n Desteklenmesi Kapsam\u0131n\u0131n Geni\u015fletilerek S&uuml;rd&uuml;r&uuml;lmesi Gerekmektedir.<\/span><\/div>\n<div style=\"background: white; text-align: justify; text-justify: inter-ideograph\"><strong><span style=\"font-size: 11pt; color: black\">12. <\/span><\/strong><span style=\"font-size: 11pt\">\u0130\u015flenmi\u015f &Uuml;r&uuml;n \u0130hracat\u0131n\u0131 Art\u0131rmak \u0130&ccedil;in &Uuml;r&uuml;n &Ccedil;e\u015fitlendirilmesine Y&ouml;nelik Tedbirlerin <\/span><span style=\"font-size: 11pt\">&nbsp;<\/span><span style=\"font-size: 11pt\">Al\u0131nmas\u0131 Gerekmektedir.<\/span><\/div>\n<div style=\"text-align: justify; margin: 0cm 0cm 0pt 21.3pt; text-justify: inter-ideograph; text-indent: -21.3pt\"><strong>&nbsp;<\/strong><\/div>\n<div style=\"text-align: justify; margin: 0cm 0cm 0pt 21.3pt; text-justify: inter-ideograph; text-indent: -21.3pt\"><strong><span style=\"font-size: 11pt\">13.<\/span><\/strong><span style=\"font-size: 11pt\">T&uuml;rk F\u0131nd\u0131\u011f\u0131n\u0131 &Ouml;ne &Ccedil;\u0131kararak Markala\u015fman\u0131n Sa\u011flanmas\u0131 Gerekmektedir.<\/span><\/div>\n<div style=\"text-align: justify; margin: 0cm 0cm 0pt 7.1pt; text-justify: inter-ideograph; text-indent: -7.1pt\"><strong>&nbsp;<\/strong><\/div>\n<div style=\"text-align: justify; text-justify: inter-ideograph\"><strong><span style=\"font-size: 11pt\">14.<\/span><\/strong><span style=\"font-size: 11pt\">\u0130hracatta Yeni Pazarlar\u0131n Geli\u015ftirilmesi \u0130&ccedil;in Tan\u0131t\u0131m Faaliyetlerinin Art\u0131r\u0131lmas\u0131 Ve \u0130hracat \u0130\u015flemlerinin Kolayla\u015ft\u0131r\u0131lmas\u0131 Gerekmektedir.<\/span><\/div>\n<div style=\"text-align: justify; margin: 0cm 0cm 0pt 7.1pt; text-justify: inter-ideograph; text-indent: -7.1pt\"><strong>&nbsp;<\/strong><\/div>\n<div style=\"text-align: justify; margin: 0cm 0cm 0pt 7.1pt; text-justify: inter-ideograph; text-indent: -7.1pt\"><strong><span style=\"font-size: 11pt\">15.<\/span><\/strong><span style=\"font-size: 11pt\">Yurti&ccedil;i T&uuml;ketiminin Art\u0131r\u0131lmas\u0131na Y&ouml;nelik Faaliyetlerin Y&uuml;r&uuml;t&uuml;lmesi Gerekmektedir. <\/span><\/div>\n<div style=\"background: white; text-align: justify; text-justify: inter-ideograph\"><strong>&nbsp;<\/strong><\/div>\n<div style=\"background: white; text-align: justify; text-justify: inter-ideograph\">\n<p><strong><span style=\"font-size: 11pt; color: black\">16<\/span><\/strong><span style=\"font-size: 11pt; color: black\">. F\u0131nd\u0131k &Ccedil;al\u0131\u015ftay\u0131n\u0131n Periyodik Olarak Farkl\u0131 \u0130llerde Devam Ettirilmesi.<\/span><\/p>\n<p>&nbsp;<\/p>\n<p>&nbsp;<\/p>\n<\/div>\n","protected":false},"excerpt":{"rendered":"<p>TZYMB Trabzon \u0130l Temsilcimiz Osman Nuri BAK\u0130 Beyin de kat\u0131ld\u0131\u011f\u0131 f\u0131nd\u0131k \u00e7al\u0131\u015ftay\u0131 ger\u00e7ekle\u015ftirildi.<\/p>\n","protected":false},"author":1,"featured_media":0,"comment_status":"closed","ping_status":"closed","sticky":false,"template":"","format":"standard","meta":[],"categories":[2],"tags":[],"_links":{"self":[{"href":"http:\/\/www.fehmikiraz.com.tr\/index.php\/wp-json\/wp\/v2\/posts\/10398"}],"collection":[{"href":"http:\/\/www.fehmikiraz.com.tr\/index.php\/wp-json\/wp\/v2\/posts"}],"about":[{"href":"http:\/\/www.fehmikiraz.com.tr\/index.php\/wp-json\/wp\/v2\/types\/post"}],"author":[{"embeddable":true,"href":"http:\/\/www.fehmikiraz.com.tr\/index.php\/wp-json\/wp\/v2\/users\/1"}],"replies":[{"embeddable":true,"href":"http:\/\/www.fehmikiraz.com.tr\/index.php\/wp-json\/wp\/v2\/comments?post=10398"}],"version-history":[{"count":0,"href":"http:\/\/www.fehmikiraz.com.tr\/index.php\/wp-json\/wp\/v2\/posts\/10398\/revisions"}],"wp:attachment":[{"href":"http:\/\/www.fehmikiraz.com.tr\/index.php\/wp-json\/wp\/v2\/media?parent=10398"}],"wp:term":[{"taxonomy":"category","embeddable":true,"href":"http:\/\/www.fehmikiraz.com.tr\/index.php\/wp-json\/wp\/v2\/categories?post=10398"},{"taxonomy":"post_tag","embeddable":true,"href":"http:\/\/www.fehmikiraz.com.tr\/index.php\/wp-json\/wp\/v2\/tags?post=10398"}],"curies":[{"name":"wp","href":"https:\/\/api.w.org\/{rel}","templated":true}]}}