{"id":10363,"date":"2013-08-03T00:00:00","date_gmt":"2013-08-03T00:00:00","guid":{"rendered":"http:\/\/www.muz.com.tr\/blog\/2013\/08\/03\/adana-1-idare-mahkemesinden-onemli-karar\/"},"modified":"2013-08-03T00:00:00","modified_gmt":"2013-08-03T00:00:00","slug":"adana-1-idare-mahkemesinden-onemli-karar","status":"publish","type":"post","link":"http:\/\/www.fehmikiraz.com.tr\/index.php\/2013\/08\/03\/adana-1-idare-mahkemesinden-onemli-karar\/","title":{"rendered":"ADANA 1. \u0130DARE MAHKEMES\u0130NDEN \u00d6NEML\u0130 KARAR"},"content":{"rendered":"<p align=\"justify\">&quot;Hayvanc\u0131l\u0131k ve Bitki Sa\u011fl\u0131\u011f\u0131 Nereye Gidiyor?&quot; konulu bas\u0131n bildirisi nedeniyle \u015eube Ba\u015fkan\u0131m\u0131z Celal KARA&#8217;ya&nbsp;Adana G\u0131da, Tar\u0131m ve Hayvanc\u0131l\u0131k \u0130l M&uuml;d&uuml;r&uuml; taraf\u0131ndan verilmeye &ccedil;al\u0131\u015f\u0131lan uyar\u0131 cezas\u0131 hukuktan d&ouml;nm&uuml;\u015ft&uuml;r.&nbsp;<\/p>\n<p align=\"justify\">Adana G\u0131da, Tar\u0131m ve Hayvanc\u0131l\u0131k \u0130l M&uuml;d&uuml;r&uuml;n&uuml;n g&ouml;reviyle ilgili olarak daha fazla tedbir almas\u0131 ve konuya daha fazla hassasiyet g&ouml;stermesi gerekirken, uyar\u0131 cezas\u0131 verme giri\u015fimi anla\u015f\u0131l\u0131r bir durum de\u011fildir.&nbsp;&nbsp;&nbsp;<\/p>\n<p align=\"justify\">Konuyla ilgili olarak Mahkemenin verdi\u011fi &ouml;rnek karar&nbsp;a\u015fa\u011f\u0131dad\u0131r. Kamuoyuna sayg\u0131larla duyurulur.<\/p>\n<p align=\"justify\">&nbsp;<\/p>\n<p align=\"justify\"><img loading=\"lazy\" alt=\"\" width=\"520\" height=\"716\" src=\"\/ortakdosyalar\/image\/CELAL KARA KARAR 1.jpg\" \/><\/p>\n<p align=\"justify\"><img loading=\"lazy\" alt=\"\" width=\"520\" height=\"716\" src=\"\/ortakdosyalar\/image\/CELAL KARA KARAR 2.jpg\" \/><\/p>\n","protected":false},"excerpt":{"rendered":"<p>Adana \u015eube Ba\u015fkan\u0131m\u0131z Celal KARA&#8217;ya \u0130l M\u00fcd\u00fcrl\u00fc\u011f\u00fc taraf\u0131ndan hayvan hareketleriyle ilgili yapm\u0131\u015f oldu\u011fu bas\u0131n a\u00e7\u0131klamas\u0131 nedeniyle haks\u0131z yere verilen &#8216;uyarma&#8217; cezas\u0131 Adana 1. \u0130dare Mahkemesince iptal edildi.<\/p>\n","protected":false},"author":1,"featured_media":0,"comment_status":"closed","ping_status":"closed","sticky":false,"template":"","format":"standard","meta":[],"categories":[2],"tags":[],"_links":{"self":[{"href":"http:\/\/www.fehmikiraz.com.tr\/index.php\/wp-json\/wp\/v2\/posts\/10363"}],"collection":[{"href":"http:\/\/www.fehmikiraz.com.tr\/index.php\/wp-json\/wp\/v2\/posts"}],"about":[{"href":"http:\/\/www.fehmikiraz.com.tr\/index.php\/wp-json\/wp\/v2\/types\/post"}],"author":[{"embeddable":true,"href":"http:\/\/www.fehmikiraz.com.tr\/index.php\/wp-json\/wp\/v2\/users\/1"}],"replies":[{"embeddable":true,"href":"http:\/\/www.fehmikiraz.com.tr\/index.php\/wp-json\/wp\/v2\/comments?post=10363"}],"version-history":[{"count":0,"href":"http:\/\/www.fehmikiraz.com.tr\/index.php\/wp-json\/wp\/v2\/posts\/10363\/revisions"}],"wp:attachment":[{"href":"http:\/\/www.fehmikiraz.com.tr\/index.php\/wp-json\/wp\/v2\/media?parent=10363"}],"wp:term":[{"taxonomy":"category","embeddable":true,"href":"http:\/\/www.fehmikiraz.com.tr\/index.php\/wp-json\/wp\/v2\/categories?post=10363"},{"taxonomy":"post_tag","embeddable":true,"href":"http:\/\/www.fehmikiraz.com.tr\/index.php\/wp-json\/wp\/v2\/tags?post=10363"}],"curies":[{"name":"wp","href":"https:\/\/api.w.org\/{rel}","templated":true}]}}