{"id":10362,"date":"2013-08-01T00:00:00","date_gmt":"2013-08-01T00:00:00","guid":{"rendered":"http:\/\/www.muz.com.tr\/blog\/2013\/08\/01\/turk-ziraat-yuksek-muhendisleri-birligi-ve-vakfi-iftari\/"},"modified":"2013-08-01T00:00:00","modified_gmt":"2013-08-01T00:00:00","slug":"turk-ziraat-yuksek-muhendisleri-birligi-ve-vakfi-iftari","status":"publish","type":"post","link":"http:\/\/www.fehmikiraz.com.tr\/index.php\/2013\/08\/01\/turk-ziraat-yuksek-muhendisleri-birligi-ve-vakfi-iftari\/","title":{"rendered":"T\u00dcRK Z\u0130RAAT Y\u00dcKSEK M\u00dcHEND\u0130SLER\u0130 B\u0130RL\u0130\u011e\u0130 VE VAKFI \u0130FTARI"},"content":{"rendered":"<p align=\"justify\">T&uuml;rk Ziraat Y&uuml;ksek M&uuml;hendisleri Birli\u011fi ve Vakf\u0131 taraf\u0131ndan d&uuml;zenlenen geleneksel iftar yeme\u011fine &uuml;yelerimizden ve&nbsp;davetlilerden yo\u011fun kat\u0131l\u0131m oldu. Davete icabet eden t&uuml;m &uuml;yelerimize g&ouml;n&uuml;lden te\u015fekk&uuml;rlerimizi sunuyoruz.<\/p>\n<p align=\"justify\">Bunun yan\u0131 s\u0131ra davete icabet eden MHP Genel Ba\u015fkan Yard\u0131mc\u0131s\u0131 Sadir DURMAZ, Afyonkarahisar MHP Milletvekili Kemalettin YILMAZ, G\u0131da Tar\u0131m ve Hayvanc\u0131l\u0131k Bakanl\u0131\u011f\u0131 M&uuml;ste\u015far\u0131 Vedat M\u0130RMAHMUTO\u011eULLARI, Ankara &Uuml;niversitesi Ziraat Fak&uuml;ltesi Dekan\u0131 Prof. Dr. Ahmet &Ccedil;OLAK,&nbsp;&nbsp;T&uuml;rk Ziraat Y&#038;uuml M&uuml;hendisleri Birli\u011fi Vakf\u0131 Ba\u015fkan\u0131 Halil B\u0130L\u0130C\u0130, Orman M&uuml;hendisleri Odas\u0131 Genel Ba\u015fkan\u0131 Ali K&Uuml;&Ccedil;&Uuml;KAYDIN, T&uuml;rk Veteriner Hekimler Birli\u011fi merkez Konsey Ba\u015fkan\u0131 Talat G&Ouml;ZET, T&uuml;rk Kooperatif&ccedil;ilik Kurumu Genel Ba\u015fkan\u0131 Prof. Dr. Nevzat AYPEK, T&uuml;rk Tohumcular Birli\u011fi Genel Ba\u015fkan\u0131 Y\u0131ld\u0131ray GENCER, MHP MYK &uuml;yeleri, Tar\u0131m Kredi Kooperatifleri Genel M&uuml;d&uuml;r Yard\u0131mc\u0131s\u0131 Veli &Ccedil;ELEB\u0130, Pankobirlik Genel M&uuml;d&uuml;r Vekili Taner TA\u015ePINAR, TZYMB&nbsp;Eski ba\u015fkanlar\u0131m\u0131z&nbsp;ba\u015fta olmak &uuml;zere milletvekillerimiz, sivil toplum &ouml;rg&uuml;tlerinin de\u011ferli ba\u015fkan ve y&ouml;neticilerine, Kamu&nbsp;kurumlar\u0131n\u0131n y&ouml;neticilerine te\u015fekk&uuml;rlerimizi sunuyoruz.<\/p>\n<p align=\"justify\">T&uuml;rk Ziraat Y&uuml;ksek M&uuml;hendisleri Birli\u011fi Genel Ba\u015fkan\u0131 Say\u0131n Fehmi K\u0130RAZ davete kat\u0131lan misafirlerimize hitaben yapt\u0131\u011f\u0131 konu\u015fmada; ramazan ay\u0131n\u0131n t&uuml;m T&uuml;rk ve \u0130slam alemine hay\u0131rlar getirmesini dileklerini ileterek, t&uuml;m kat\u0131l\u0131mc\u0131lara bu g&uuml;zel beraberli\u011fe dahil olduklar\u0131 i&ccedil;in \u015f&uuml;kranlar\u0131n\u0131 sundu.<\/p>\n<p align=\"justify\">Yo\u011fun kat\u0131l\u0131m nedeniyle&nbsp;baz\u0131 davetlilerimize gerekli ilgiyi g&ouml;sterememi\u015f olmaktan dolay\u0131 &ouml;z&uuml;r diliyoruz. Bu y\u0131l bu davete yap\u0131lan yo\u011fun ilginin hay\u0131rlara vesile olmas\u0131n\u0131 diliyoruz.<\/p>\n<p align=\"justify\">&nbsp;<\/p>\n<p align=\"justify\">&nbsp;<img loading=\"lazy\" style=\"height: 469px; width: 479px\" alt=\"\" width=\"600\" height=\"800\" src=\"\/ortakdosyalar\/image\/2013 iftar 1.jpg\" \/><\/p>\n<p align=\"justify\">&nbsp;<\/p>\n<p align=\"justify\"><img loading=\"lazy\" style=\"height: 367px; width: 479px\" alt=\"\" width=\"1441\" height=\"809\" src=\"\/ortakdosyalar\/image\/2013 iftar 4.jpg\" \/><\/p>\n<p align=\"justify\"><img loading=\"lazy\" style=\"height: 352px; width: 479px\" alt=\"\" width=\"1291\" height=\"725\" src=\"\/ortakdosyalar\/image\/2013 iftar 5.jpg\" \/><\/p>\n<p align=\"justify\">&nbsp;<\/p>\n<p align=\"justify\"><img loading=\"lazy\" style=\"height: 286px; width: 479px\" alt=\"\" width=\"1147\" height=\"645\" src=\"\/ortakdosyalar\/image\/2013 iftar 6.jpg\" \/><\/p>\n","protected":false},"excerpt":{"rendered":"<p>TZYM Birli\u011fi ve Vakf\u0131 taraf\u0131ndan geleneksel olarak d\u00fczenlenen iftara yo\u011fun kat\u0131l\u0131m oldu.<\/p>\n","protected":false},"author":1,"featured_media":0,"comment_status":"closed","ping_status":"closed","sticky":false,"template":"","format":"standard","meta":[],"categories":[2],"tags":[],"_links":{"self":[{"href":"http:\/\/www.fehmikiraz.com.tr\/index.php\/wp-json\/wp\/v2\/posts\/10362"}],"collection":[{"href":"http:\/\/www.fehmikiraz.com.tr\/index.php\/wp-json\/wp\/v2\/posts"}],"about":[{"href":"http:\/\/www.fehmikiraz.com.tr\/index.php\/wp-json\/wp\/v2\/types\/post"}],"author":[{"embeddable":true,"href":"http:\/\/www.fehmikiraz.com.tr\/index.php\/wp-json\/wp\/v2\/users\/1"}],"replies":[{"embeddable":true,"href":"http:\/\/www.fehmikiraz.com.tr\/index.php\/wp-json\/wp\/v2\/comments?post=10362"}],"version-history":[{"count":0,"href":"http:\/\/www.fehmikiraz.com.tr\/index.php\/wp-json\/wp\/v2\/posts\/10362\/revisions"}],"wp:attachment":[{"href":"http:\/\/www.fehmikiraz.com.tr\/index.php\/wp-json\/wp\/v2\/media?parent=10362"}],"wp:term":[{"taxonomy":"category","embeddable":true,"href":"http:\/\/www.fehmikiraz.com.tr\/index.php\/wp-json\/wp\/v2\/categories?post=10362"},{"taxonomy":"post_tag","embeddable":true,"href":"http:\/\/www.fehmikiraz.com.tr\/index.php\/wp-json\/wp\/v2\/tags?post=10362"}],"curies":[{"name":"wp","href":"https:\/\/api.w.org\/{rel}","templated":true}]}}