{"id":10316,"date":"2012-10-19T00:00:00","date_gmt":"2012-10-19T00:00:00","guid":{"rendered":"http:\/\/www.muz.com.tr\/blog\/2012\/10\/19\/tzymbden-turkava-ziyaret\/"},"modified":"2012-10-19T00:00:00","modified_gmt":"2012-10-19T00:00:00","slug":"tzymbden-turkava-ziyaret","status":"publish","type":"post","link":"http:\/\/www.fehmikiraz.com.tr\/index.php\/2012\/10\/19\/tzymbden-turkava-ziyaret\/","title":{"rendered":"TZYMB&#8217;den T\u00dcRKAV&#8217;a ziyaret"},"content":{"rendered":"<p><img loading=\"lazy\" style=\"width: 347px; height: 253px\" alt=\"\" width=\"800\" height=\"600\" src=\"\/ortakdosyalar\/image\/turkavziyaretison.JPG\" \/><\/p>\n<p style=\"text-align: justify; margin: 0cm 0cm 10pt\" class=\"MsoNormal\"><span style=\"line-height: 115%; font-family: &quot;Tahoma&quot;,&quot;sans-serif&quot;; color: #003535; font-size: 8.5pt\">T&uuml;rk Ziraat Y&uuml;ksek M&uuml;hendisleri Birli\u011fi Genel Ba\u015fkan\u0131 Fehmi K\u0130RAZ ve Y&ouml;netim Kurulu &uuml;yeleri, T&uuml;rkiye Kamu &Ccedil;al\u0131\u015fanlar\u0131 Kalk\u0131nma ve Dayan\u0131\u015fma Vakf\u0131 (T&Uuml;RKAV) genel merkezini ziyaret ettiler.<o:p><\/o:p><\/span><\/p>\n<p style=\"text-align: justify; margin: 0cm 0cm 10pt\" class=\"MsoNormal\"><span style=\"line-height: 115%; font-family: &quot;Tahoma&quot;,&quot;sans-serif&quot;; color: #003535; font-size: 8.5pt\">T&Uuml;RKAV Genel Ba\u015fkan\u0131 Say\u0131n Sinan Y&Uuml;KSEL, yap\u0131lan ziyaretten memnun olduklar\u0131n\u0131, ba\u015fta T&uuml;rk Ziraat Y&uuml;ksek M&uuml;hendisler Birli\u011fi Genel Ba\u015fkan\u0131 Say\u0131n Fehmi K\u0130RAZ olmak &uuml;zere Y&ouml;netim Kurulu &uuml;yelerine kendilerini ziyaret etme nezaketinde bulunmalar\u0131ndan dolay\u0131 te\u015fekk&uuml;r ettiklerini ifade etmi\u015ftir. <o:p><\/o:p><\/span><\/p>\n<p style=\"text-align: justify; margin: 0cm 0cm 10pt\" class=\"MsoNormal\"><span style=\"line-height: 115%; font-family: &quot;Tahoma&quot;,&quot;sans-serif&quot;; color: #003535; font-size: 8.5pt\">Yap\u0131lan ziyarette, Genel Ba\u015fkan Fehmi K\u0130RAZ milletimize hizmet noktas\u0131nda sivil toplum kurulu\u015flar\u0131n\u0131n s\u0131k s\u0131k bir araya gelerek isti\u015farede bulunmalar\u0131 gerekti\u011fini ifade etmi\u015ftir.<o:p><\/o:p><\/span><\/p>\n<p style=\"text-align: justify; margin: 0cm 0cm 10pt\" class=\"MsoNormal\"><span style=\"line-height: 115%; font-family: &quot;Tahoma&quot;,&quot;sans-serif&quot;; color: #003535; font-size: 8.5pt\">Ziyarette, sivil toplum &ouml;rg&uuml;tleri olarak &uuml;lke yarar\u0131na yap\u0131lacak her t&uuml;rl&uuml; &ccedil;al\u0131\u015fmada birlikte hareket etme ve dayan\u0131\u015fma talepleri kar\u015f\u0131l\u0131kl\u0131 olarak ifade edilmi\u015ftir. T&uuml;rkiye&rsquo;nin mevcut durumu, &uuml;lke gelece\u011fin nas\u0131l \u015fekillenece\u011fi ve sivil toplum &ouml;rg&uuml;tleri olarak neler yap\u0131labilece\u011fi isti\u015fare edilmi\u015ftir. <o:p><\/o:p><\/span><\/p>\n<p>&nbsp;<\/p>\n","protected":false},"excerpt":{"rendered":"<p>T&uuml;rk Ziraat Y&uuml;ksek M&uuml;hendisleri Birli\u011fi Genel Ba\u015fkan\u0131 Fehmi K\u0130RAZ ve Y&ouml;netim Kurulu &uuml;yeleri, T&uuml;rkiye Kamu &Ccedil;al\u0131\u015fanlar\u0131 Kalk\u0131nma ve Dayan\u0131\u015fma Vakf\u0131 (T&Uuml;RKAV) genel merkezini ziyaret ettiler. T&Uuml;RKAV Genel Ba\u015fkan\u0131 Say\u0131n Sinan Y&Uuml;KSEL, yap\u0131lan ziyaretten memnun olduklar\u0131n\u0131, ba\u015fta T&uuml;rk Ziraat Y&uuml;ksek M&uuml;hendisler Birli\u011fi Genel Ba\u015fkan\u0131 Say\u0131n Fehmi K\u0130RAZ olmak &uuml;zere Y&ouml;netim Kurulu &uuml;yelerine kendilerini ziyaret etme nezaketinde [&hellip;]<\/p>\n","protected":false},"author":1,"featured_media":0,"comment_status":"closed","ping_status":"closed","sticky":false,"template":"","format":"standard","meta":[],"categories":[2],"tags":[],"_links":{"self":[{"href":"http:\/\/www.fehmikiraz.com.tr\/index.php\/wp-json\/wp\/v2\/posts\/10316"}],"collection":[{"href":"http:\/\/www.fehmikiraz.com.tr\/index.php\/wp-json\/wp\/v2\/posts"}],"about":[{"href":"http:\/\/www.fehmikiraz.com.tr\/index.php\/wp-json\/wp\/v2\/types\/post"}],"author":[{"embeddable":true,"href":"http:\/\/www.fehmikiraz.com.tr\/index.php\/wp-json\/wp\/v2\/users\/1"}],"replies":[{"embeddable":true,"href":"http:\/\/www.fehmikiraz.com.tr\/index.php\/wp-json\/wp\/v2\/comments?post=10316"}],"version-history":[{"count":0,"href":"http:\/\/www.fehmikiraz.com.tr\/index.php\/wp-json\/wp\/v2\/posts\/10316\/revisions"}],"wp:attachment":[{"href":"http:\/\/www.fehmikiraz.com.tr\/index.php\/wp-json\/wp\/v2\/media?parent=10316"}],"wp:term":[{"taxonomy":"category","embeddable":true,"href":"http:\/\/www.fehmikiraz.com.tr\/index.php\/wp-json\/wp\/v2\/categories?post=10316"},{"taxonomy":"post_tag","embeddable":true,"href":"http:\/\/www.fehmikiraz.com.tr\/index.php\/wp-json\/wp\/v2\/tags?post=10316"}],"curies":[{"name":"wp","href":"https:\/\/api.w.org\/{rel}","templated":true}]}}