{"id":10179,"date":"2010-06-03T09:59:59","date_gmt":"2010-06-03T09:59:59","guid":{"rendered":"http:\/\/www.muz.com.tr\/blog\/2010\/06\/03\/israili-lanetle-kiniyoruz\/"},"modified":"2010-06-03T09:59:59","modified_gmt":"2010-06-03T09:59:59","slug":"israili-lanetle-kiniyoruz","status":"publish","type":"post","link":"http:\/\/www.fehmikiraz.com.tr\/index.php\/2010\/06\/03\/israili-lanetle-kiniyoruz\/","title":{"rendered":"\u0130srail&#8217;i Lanetle K\u0131n\u0131yoruz"},"content":{"rendered":"<p>Bilindi\u011fi gibi &uuml;lkemiz 31 May\u0131s sabah\u0131na iki ac\u0131yla birlikte uyanm\u0131\u015ft\u0131r. &Ouml;nce hain PKK taraf\u0131ndan \u0130skenderun&#8217;da yap\u0131lan sald\u0131r\u0131 sonucu 6 askerimiz \u015fehit olmu\u015f, ard\u0131ndan ayn\u0131 g&uuml;n&uuml;n sabah\u0131nda \u0130srail i\u015fgali at\u0131nda tutulan Filistin topraklar\u0131nda hayat m&uuml;cadelesi veren m&uuml;sl&uuml;man karde\u015flerimize acil ve insani yard\u0131m ta\u015f\u0131yan ve rotas\u0131 M\u0131s\u0131r kara sular\u0131 olan gemilerimize, uluslar aras\u0131 karasular\u0131nda seyretmekte iken \u0130srail ordusu taraf\u0131ndan sald\u0131r\u0131da bulunulmu\u015f, sald\u0131r\u0131da 9 yard\u0131m g&ouml;n&uuml;ll&uuml;s&uuml; hayat\u0131n\u0131 kaybetmi\u015f, bir &ccedil;ok vatanda\u015f\u0131m\u0131z yaralanm\u0131\u015f, gemilere el konulmu\u015f ve gemilerde bulunanlar\u0131n tamam\u0131 tutuklanm\u0131\u015ft\u0131r.<\/p>\n<p>G&ouml;zalt\u0131 ve i\u015fkencelerin ard\u0131ndan T&uuml;rk diplomasisi sonu&ccedil; vermi\u015f, bu gece yar\u0131s\u0131ndan itibaren de \u015fehitlerimizin cenazeleri ve vatanda\u015flar\u0131m\u0131z &uuml;lkemize d&ouml;nm&uuml;\u015flerdir.<\/p>\n<p>\u015eehitlerimize ve hayat\u0131n\u0131 kaybeden vatanda\u015flar\u0131m\u0131za Cenab-\u0131 Allah&rsquo;tan rahmet, yak\u0131nlar\u0131na ba\u015fsa\u011fl\u0131\u011f\u0131 diliyoruz. Yaralar\u0131 karde\u015flerimize acil \u015fifalar dileklerimizi iletiyoruz.<\/p>\n<p>\u0130srail taraf\u0131ndan Ortado\u011fu&#8217;da s&uuml;rd&uuml;r&uuml;lmekte olan sava\u015f&ccedil;\u0131 politika, &ouml;zellikle de M&uuml;sl&uuml;man Filistin halk\u0131na uygulanmakta olan insanl\u0131k d\u0131\u015f\u0131 abluka d&uuml;nyan\u0131n g&ouml;z&uuml; &ouml;n&uuml;nde s&uuml;r&uuml;p gitmektedir. Bu \u015fartlar alt\u0131nda ya\u015fam sava\u015f\u0131 veren Filistinliler&rsquo;e insani yard\u0131m malzemesi g&ouml;t&uuml;ren gemilere sald\u0131r\u0131da bulunulmas\u0131 kabul edilemez bir davran\u0131\u015ft\u0131r.<\/p>\n<p>\u0130srail&rsquo;in T&uuml;rk bayrakl\u0131 sivil yard\u0131m gemilerine uluslararas\u0131 sularda askeri m&uuml;dahalede bulunmas\u0131 uluslararas\u0131 hukuka ayk\u0131r\u0131, ahlak ve insanl\u0131k d\u0131\u015f\u0131 d&uuml;\u015fmanca bir sald\u0131r\u0131d\u0131r.<\/p>\n<p>\u0130srail&#8217;in uluslar aras\u0131 hukuku, daha da &ouml;nemlisi, insanl\u0131\u011f\u0131 yok sayarak yapt\u0131\u011f\u0131 bu korsanca ve d&uuml;\u015fmanca sald\u0131r\u0131y\u0131 ve gemilerde bulunanlara yapt\u0131\u011f\u0131 i\u015fkenceyi lanetle k\u0131n\u0131yoruz.<\/p>\n","protected":false},"excerpt":{"rendered":"<p>Bilindi\u011fi gibi &uuml;lkemiz 31 May\u0131s sabah\u0131na iki ac\u0131yla birlikte uyanm\u0131\u015ft\u0131r. &Ouml;nce hain PKK taraf\u0131ndan \u0130skenderun&#8217;da yap\u0131lan sald\u0131r\u0131 sonucu 6 askerimiz \u015fehit olmu\u015f, ard\u0131ndan ayn\u0131 g&uuml;n&uuml;n sabah\u0131nda \u0130srail i\u015fgali at\u0131nda tutulan Filistin topraklar\u0131nda hayat m&uuml;cadelesi veren m&uuml;sl&uuml;man karde\u015flerimize acil ve insani yard\u0131m ta\u015f\u0131yan ve rotas\u0131 M\u0131s\u0131r kara sular\u0131 olan gemilerimize, uluslar aras\u0131 karasular\u0131nda seyretmekte iken \u0130srail [&hellip;]<\/p>\n","protected":false},"author":1,"featured_media":0,"comment_status":"closed","ping_status":"closed","sticky":false,"template":"","format":"standard","meta":[],"categories":[2],"tags":[],"_links":{"self":[{"href":"http:\/\/www.fehmikiraz.com.tr\/index.php\/wp-json\/wp\/v2\/posts\/10179"}],"collection":[{"href":"http:\/\/www.fehmikiraz.com.tr\/index.php\/wp-json\/wp\/v2\/posts"}],"about":[{"href":"http:\/\/www.fehmikiraz.com.tr\/index.php\/wp-json\/wp\/v2\/types\/post"}],"author":[{"embeddable":true,"href":"http:\/\/www.fehmikiraz.com.tr\/index.php\/wp-json\/wp\/v2\/users\/1"}],"replies":[{"embeddable":true,"href":"http:\/\/www.fehmikiraz.com.tr\/index.php\/wp-json\/wp\/v2\/comments?post=10179"}],"version-history":[{"count":0,"href":"http:\/\/www.fehmikiraz.com.tr\/index.php\/wp-json\/wp\/v2\/posts\/10179\/revisions"}],"wp:attachment":[{"href":"http:\/\/www.fehmikiraz.com.tr\/index.php\/wp-json\/wp\/v2\/media?parent=10179"}],"wp:term":[{"taxonomy":"category","embeddable":true,"href":"http:\/\/www.fehmikiraz.com.tr\/index.php\/wp-json\/wp\/v2\/categories?post=10179"},{"taxonomy":"post_tag","embeddable":true,"href":"http:\/\/www.fehmikiraz.com.tr\/index.php\/wp-json\/wp\/v2\/tags?post=10179"}],"curies":[{"name":"wp","href":"https:\/\/api.w.org\/{rel}","templated":true}]}}