{"id":10106,"date":"2009-06-04T17:36:32","date_gmt":"2009-06-04T17:36:32","guid":{"rendered":"http:\/\/www.muz.com.tr\/blog\/2009\/06\/04\/ekonomik-kriz-onlem-paketi-ciftciler-yine-unutuldu-2\/"},"modified":"2009-06-04T17:36:32","modified_gmt":"2009-06-04T17:36:32","slug":"ekonomik-kriz-onlem-paketi-ciftciler-yine-unutuldu-2","status":"publish","type":"post","link":"http:\/\/www.fehmikiraz.com.tr\/index.php\/2009\/06\/04\/ekonomik-kriz-onlem-paketi-ciftciler-yine-unutuldu-2\/","title":{"rendered":"EKONOM\u0130K KR\u0130Z \u00d6NLEM PAKET\u0130: \u00c7\u0130FT\u00c7\u0130LER Y\u0130NE UNUTULDU"},"content":{"rendered":"<style>\n<!--\np\n\t{margin-right:0cm;\n\tmargin-left:0cm;\n\tfont-size:12.0pt;\n\tfont-family:\"Times New Roman\",\"serif\";\n\t}\n p.MsoNormal\n\t{mso-style-parent:\"\";\n\tmargin-bottom:.0001pt;\n\tfont-size:12.0pt;\n\tfont-family:\"Times New Roman\",\"serif\";\n\tmargin-left:0cm; margin-right:0cm; margin-top:0cm}\n-->\n<\/style>\n<p class=MsoNormal style=\"TEXT-ALIGN: center\" align=center><b><span style=\"FONT-SIZE: 11pt\">T\u00dcRK Z\u0130RAAT Y\u00dcKSEK M\u00dcHEND\u0130SLER\u0130 B\u0130RL\u0130\u011e\u0130 <\/span><\/b><\/p>\n<p class=MsoNormal style=\"TEXT-ALIGN: center\" align=center><b><span style=\"FONT-SIZE: 11pt\">EKONOM\u0130K KR\u0130Z \u00d6NLEM PAKET\u0130<\/span><\/b><\/p>\n<p class=MsoNormal style=\"TEXT-ALIGN: center\" align=center><b><span style=\"FONT-SIZE: 11pt\">\u00c7\u0130FT\u00c7\u0130LER Y\u0130NE UNUTULDU <\/span><\/b><\/p>\n<p class=MsoNormal style=\"TEXT-ALIGN: center\" align=center><b><span style=\"FONT-SIZE: 11pt\">BASIN B\u0130LD\u0130R\u0130S\u0130<\/span><\/b><\/p>\n<p class=MsoNormal style=\"TEXT-ALIGN: center\" align=center><b><span style=\"FONT-SIZE: 11pt\">4 Haziran&nbsp; 2009<\/span><\/b><\/p>\n<p class=MsoNormal>&nbsp;<\/p>\n<p class=MsoNormal>&nbsp;<\/p>\n<p class=MsoNormal style=\"TEXT-ALIGN: justify\">&nbsp;&nbsp;&nbsp;&nbsp;&nbsp;&nbsp;&nbsp;&nbsp;&nbsp;&nbsp;&nbsp; Bilindi\u011fi \u00fczere Sn. Ba\u015fbakan bug\u00fcn yeni bir \u00f6nlem paketi a\u00e7\u0131klad\u0131. Sa\u011fl\u0131k, madencilik, sanayiciye destek, kimyasal ve petrol yat\u0131r\u0131mlar\u0131, kobilere y\u00f6nelik v.s. destekler bulunurken, \u00fcretim yapamaz duruma gelen \u00e7ift\u00e7i bu paketin i\u00e7ine al\u0131nmam\u0131\u015ft\u0131r.<\/p>\n<p class=MsoNormal style=\"TEXT-ALIGN: justify\">&nbsp;<\/p>\n<p class=MsoNormal style=\"TEXT-ALIGN: justify\">&nbsp;&nbsp;&nbsp;&nbsp;&nbsp;&nbsp;&nbsp;&nbsp;&nbsp;&nbsp;&nbsp; Her zamanki gibi \u00e7ift\u00e7i yine unutulmu\u015ftur.<\/p>\n<p class=MsoNormal style=\"TEXT-ALIGN: justify\">&nbsp;<\/p>\n<p class=MsoNormal style=\"TEXT-ALIGN: justify\">&nbsp;&nbsp;&nbsp;&nbsp;&nbsp;&nbsp;&nbsp;&nbsp;&nbsp;&nbsp;&nbsp; TZYMB olarak 9 May\u0131s 2009 tarihinde yapt\u0131\u011f\u0131m\u0131z &#8220;Ekonomik Krizin Tar\u0131ma Etkileri&#8221; konulu panelden \u00e7\u0131kan sonu\u00e7lara g\u00f6re \u00fclkemizde son birka\u00e7 y\u0131ld\u0131r uygulanan eksik yada yanl\u0131\u015f politikalarla \u00e7ift\u00e7inin art\u0131k \u00fcretim yapamaz duruma geldi\u011fini, h\u00fck\u00fcmetin buna bir \u00f6nlem almas\u0131 gerekti\u011fini kamuoyu ve ilgili taraflarla payla\u015fm\u0131\u015ft\u0131k.<\/p>\n<p class=MsoNormal style=\"TEXT-ALIGN: justify\">&nbsp;<\/p>\n<p class=MsoNormal style=\"TEXT-ALIGN: justify\">&nbsp;&nbsp;&nbsp;&nbsp;&nbsp;&nbsp;&nbsp;&nbsp;&nbsp;&nbsp;&nbsp; 2008 y\u0131l\u0131nda enflasyon %10 artarken g\u00fcbre fiyatlar\u0131 %100 ile %150 oran\u0131nda artm\u0131\u015f, mazot 2008 y\u0131l\u0131n\u0131n ilk yar\u0131s\u0131nda %30 artm\u0131\u015f, elektrik fiyat\u0131 %70 artm\u0131\u015f, trakt\u00f6r sat\u0131\u015flar\u0131 %40 oran\u0131nda d\u00fc\u015fm\u00fc\u015f ve \u00e7ift\u00e7iye 2008 y\u0131l\u0131nda 10 Milyar TL kredi kulland\u0131r\u0131lm\u0131\u015ft\u0131r. Buna kar\u015f\u0131n, bu\u011fday fiyatlar\u0131 %10 oran\u0131nda artarken, m\u0131s\u0131r fiyatlar\u0131 %25, f\u0131nd\u0131k fiyatlar\u0131 %40, \u00fcz\u00fcm fiyatlar\u0131 %25 ve \u00fcreticinin satt\u0131\u011f\u0131 s\u00fct fiyatlar\u0131 %35-40 oran\u0131nda d\u00fc\u015fm\u00fc\u015ft\u00fcr. Pamuk fiyatlar\u0131nda ise 6 y\u0131ld\u0131r de\u011fi\u015fiklik olmamaktad\u0131r. T\u00fcm bunlar\u0131n yan\u0131nda TMO bu\u011fday al\u0131m\u0131 bile yapmam\u0131\u015f, b\u00fct\u00e7eden tar\u0131ma ayr\u0131lan pay ise 2008 y\u0131l\u0131na g\u00f6re %10 daha d\u00fc\u015f\u00fcr\u00fclerek 2009 y\u0131l\u0131nda 4,95 Milyar TL \u00f6ng\u00f6r\u00fclm\u00fc\u015ft\u00fcr.<\/p>\n<p class=MsoNormal style=\"TEXT-ALIGN: justify\">&nbsp;<\/p>\n<p class=MsoNormal style=\"TEXT-ALIGN: justify\">&nbsp;&nbsp;&nbsp;&nbsp;&nbsp;&nbsp;&nbsp;&nbsp;&nbsp;&nbsp;&nbsp; Tar\u0131m sekt\u00f6r\u00fcn\u00fcn krizde oldu\u011fu ve etkilendi\u011fi H\u00fck\u00fcmet taraf\u0131ndan kabul edilmeli ve di\u011fer sekt\u00f6rlerde oldu\u011fu gibi tar\u0131m sekt\u00f6r\u00fcnde de bir \u00f6nlem paketi haz\u0131rlanmal\u0131d\u0131r. Tar\u0131msal desteklemeler, Tar\u0131m Kanunu&#8217;nda belirtildi\u011fi \u00fczere GSMH&#8217;n\u0131n %1&#8217;inden az olmayacak \u015fekilde yeniden d\u00fczenlenmeli ve art\u0131r\u0131lmal\u0131d\u0131r. \u00c7ift\u00e7inin \u00fcretimde kulland\u0131\u011f\u0131 girdilerde, \u00f6zellikle g\u00fcbrede KDV, mazotta \u00d6TV ve KDV indirimleri uygulanarak \u00e7ift\u00e7inin girdi maliyetini azalt\u0131c\u0131 tedbirler ortaya konmal\u0131d\u0131r. Tar\u0131mda kullan\u0131lan elektrik fiyatlar\u0131 yeniden belirlenmelidir. Tar\u0131mda kullan\u0131lan kredilerin geri \u00f6demesinde faizsiz s\u00fcre uzat\u0131m\u0131na gidilmeli, \u00e7ift\u00e7ilere verilen kredi kart\u0131 faiz oranlar\u0131nda indirimler yap\u0131lmal\u0131d\u0131r. Devlet m\u00fcdahale kurulu\u015flar\u0131 daha aktif rol almal\u0131 ve reg\u00fclasyon g\u00f6revini yerine getirebilmelidir.<\/p>\n<p class=MsoNormal style=\"TEXT-ALIGN: justify\">&nbsp;<\/p>\n<p class=MsoNormal style=\"TEXT-ALIGN: justify\">&nbsp;&nbsp;&nbsp;&nbsp;&nbsp;&nbsp;&nbsp;&nbsp;&nbsp;&nbsp;&nbsp; H\u00fck\u00fcmet bir an \u00f6nce \u00e7ift\u00e7iler i\u00e7in al\u0131nacak \u00f6nlemleri a\u00e7\u0131klamal\u0131d\u0131r. Yoksa T\u00fcrk tar\u0131m\u0131 ve \u00e7ift\u00e7i bitmek \u00fczeredir.<\/p>\n<p class=MsoNormal style=\"TEXT-ALIGN: justify\">&nbsp;<\/p>\n<p class=MsoNormal style=\"TEXT-ALIGN: justify\">&nbsp;&nbsp;&nbsp;&nbsp;&nbsp;&nbsp;&nbsp;&nbsp;&nbsp;&nbsp;&nbsp; Kamuoyuna sayg\u0131lar\u0131mla&#8230;<\/p>\n<p class=MsoNormal style=\"TEXT-ALIGN: justify\">&nbsp;<\/p>\n<p style=\"BACKGROUND: white; MARGIN: 0cm 0cm 0pt 247.8pt; TEXT-ALIGN: justify\"><strong><span style=\"COLOR: black\">Fehmi K\u0130RAZ<\/span><\/strong><\/p>\n<p style=\"BACKGROUND: white; MARGIN: 0cm 0cm 0pt; TEXT-ALIGN: justify\"><strong><span style=\"COLOR: black\">&nbsp;&nbsp;&nbsp;&nbsp;&nbsp;&nbsp;&nbsp;&nbsp;&nbsp;&nbsp;&nbsp;&nbsp;&nbsp;&nbsp;&nbsp;&nbsp;&nbsp;&nbsp;&nbsp;&nbsp;&nbsp;&nbsp;&nbsp;&nbsp;&nbsp;&nbsp;&nbsp;&nbsp;&nbsp;&nbsp;&nbsp;&nbsp;&nbsp;&nbsp;&nbsp;&nbsp;&nbsp;&nbsp;&nbsp;&nbsp;&nbsp;&nbsp;&nbsp;&nbsp;&nbsp;&nbsp;&nbsp;&nbsp;&nbsp;&nbsp;&nbsp;&nbsp;&nbsp;&nbsp;&nbsp;&nbsp;&nbsp;&nbsp;&nbsp;&nbsp;&nbsp;&nbsp;&nbsp;&nbsp;&nbsp;&nbsp;&nbsp;&nbsp;&nbsp;&nbsp; &nbsp;&nbsp;&nbsp;&nbsp;&nbsp;&nbsp;&nbsp;&nbsp;&nbsp;&nbsp;&nbsp;&nbsp;Genel Ba\u015fkan <\/span><\/strong><\/p>\n<p style=\"BACKGROUND: white; MARGIN: 0cm 0cm 0pt; TEXT-ALIGN: justify\"><strong><span style=\"COLOR: black\">&nbsp;&nbsp;&nbsp;&nbsp;&nbsp;&nbsp;&nbsp;&nbsp;&nbsp;&nbsp;&nbsp;&nbsp;&nbsp;&nbsp;&nbsp;&nbsp;&nbsp;&nbsp;&nbsp;&nbsp;&nbsp;&nbsp;&nbsp;&nbsp;&nbsp;&nbsp;&nbsp;&nbsp;&nbsp; &nbsp;&nbsp;&nbsp;&nbsp;&nbsp;&nbsp;&nbsp;&nbsp;&nbsp;&nbsp;&nbsp;&nbsp;&nbsp;&nbsp;&nbsp;&nbsp;&nbsp;&nbsp;&nbsp;&nbsp;&nbsp;&nbsp;&nbsp;&nbsp;&nbsp;&nbsp;&nbsp;&nbsp;&nbsp;T\u00fcrk Ziraat Y\u00fcksek M\u00fchendisleri Birli\u011fi<\/span><\/strong><\/p>\n<p style=\"BACKGROUND: white; MARGIN: 0cm 0cm 0pt; TEXT-ALIGN: justify\"><strong><span style=\"COLOR: black\">&nbsp;&nbsp;&nbsp;&nbsp;&nbsp;&nbsp;&nbsp;&nbsp;&nbsp;&nbsp;&nbsp;&nbsp;&nbsp;&nbsp;&nbsp;&nbsp;&nbsp;&nbsp;&nbsp;&nbsp;&nbsp;&nbsp;&nbsp;&nbsp;&nbsp;&nbsp;&nbsp;&nbsp;&nbsp;&nbsp;&nbsp;&nbsp;&nbsp;&nbsp;&nbsp;&nbsp;&nbsp;&nbsp;&nbsp;&nbsp;&nbsp;&nbsp;&nbsp;&nbsp;&nbsp;&nbsp;&nbsp;&nbsp;&nbsp;&nbsp;&nbsp;&nbsp;&nbsp;&nbsp;&nbsp;&nbsp;&nbsp;&nbsp;&nbsp;&nbsp;&nbsp;&nbsp;&nbsp;&nbsp;&nbsp;&nbsp;&nbsp;&nbsp;&nbsp;&nbsp;&nbsp;&nbsp;&nbsp;&nbsp; Y\u00f6netim Kurulu Ad\u0131na<\/span><\/strong><\/p>\n<p class=MsoNormal style=\"TEXT-ALIGN: justify\"><strong><span style=\"COLOR: black\">&nbsp;&nbsp;&nbsp;&nbsp;&nbsp; <\/span><\/strong><b><span style=\"COLOR: black\"><\/p>\n<p>&nbsp;<\/span><\/b><\/p>\n<p style=\"BACKGROUND: white\"><strong><span style=\"FONT-SIZE: 8.5pt; FONT-FAMILY: \" Verdana?,?sans-serif?;color:#444444?>Sakarya Cad. 30\/2 K\u0131z\u0131lay\/ANKARA<\/span><\/strong><br \/><strong><span style=\"FONT-SIZE: 8.5pt; FONT-FAMILY: \" color:#444444? Verdana?,?sans-serif?;>Tel: (+90) 312 4335981<\/p>\n<div><\/div>\n<div><\/div>\n<p><a href=\"http:\/\/www.kanaldhaber.com.tr\/HaberDetay.aspx?haberId=43813&amp;catId=36\">http:\/\/www.kanaldhaber.com.tr\/HaberDetay.aspx?haberId=43813&amp;catId=36<\/a><\/p>\n<div><\/div>\n<p><a href=\"http:\/\/www.cnnturk.com\/2009\/ekonomi\/genel\/06\/04\/yeni.tesvik.paketi.nasil.degerlendirildi\/529537.0\">http:\/\/www.cnnturk.com\/2009\/ekonomi\/genel\/06\/04\/yeni.tesvik.paketi.nasil.degerlendirildi\/529537.0<\/a><\/span><\/strong><\/p>\n","protected":false},"excerpt":{"rendered":"<p>T\u00dcRK Z\u0130RAAT Y\u00dcKSEK M\u00dcHEND\u0130SLER\u0130 B\u0130RL\u0130\u011e\u0130<br \/>\nEKONOM\u0130K KR\u0130Z \u00d6NLEM PAKET\u0130<br \/>\n\u00c7\u0130FT\u00c7\u0130LER Y\u0130NE UNUTULDU<br \/>\nBASIN B\u0130LD\u0130R\u0130S\u0130<br \/>\n4 Haziran  2009<\/p>\n","protected":false},"author":1,"featured_media":0,"comment_status":"closed","ping_status":"closed","sticky":false,"template":"","format":"standard","meta":[],"categories":[2],"tags":[],"_links":{"self":[{"href":"http:\/\/www.fehmikiraz.com.tr\/index.php\/wp-json\/wp\/v2\/posts\/10106"}],"collection":[{"href":"http:\/\/www.fehmikiraz.com.tr\/index.php\/wp-json\/wp\/v2\/posts"}],"about":[{"href":"http:\/\/www.fehmikiraz.com.tr\/index.php\/wp-json\/wp\/v2\/types\/post"}],"author":[{"embeddable":true,"href":"http:\/\/www.fehmikiraz.com.tr\/index.php\/wp-json\/wp\/v2\/users\/1"}],"replies":[{"embeddable":true,"href":"http:\/\/www.fehmikiraz.com.tr\/index.php\/wp-json\/wp\/v2\/comments?post=10106"}],"version-history":[{"count":0,"href":"http:\/\/www.fehmikiraz.com.tr\/index.php\/wp-json\/wp\/v2\/posts\/10106\/revisions"}],"wp:attachment":[{"href":"http:\/\/www.fehmikiraz.com.tr\/index.php\/wp-json\/wp\/v2\/media?parent=10106"}],"wp:term":[{"taxonomy":"category","embeddable":true,"href":"http:\/\/www.fehmikiraz.com.tr\/index.php\/wp-json\/wp\/v2\/categories?post=10106"},{"taxonomy":"post_tag","embeddable":true,"href":"http:\/\/www.fehmikiraz.com.tr\/index.php\/wp-json\/wp\/v2\/tags?post=10106"}],"curies":[{"name":"wp","href":"https:\/\/api.w.org\/{rel}","templated":true}]}}